{"id":38396,"date":"2023-03-16T02:09:13","date_gmt":"2023-03-16T02:09:13","guid":{"rendered":"https:\/\/fmdelpueblo.ar\/?p=38396"},"modified":"2023-03-16T02:09:13","modified_gmt":"2023-03-16T02:09:13","slug":"el-gobierno-denuncia-penalmente-al-directorio-de-edesur-mientras-hay-disturbios-por-la-falta-de-luz","status":"publish","type":"post","link":"http:\/\/fmdelpueblo.ar\/?p=38396","title":{"rendered":"El Gobierno denuncia penalmente al directorio de Edesur mientras hay disturbios por la falta de luz"},"content":{"rendered":"<\/p>\n<p>La denuncia es por \u00abmalversaci\u00f3n, fraude en perjuicio de la administraci\u00f3n p\u00fablica y abandono de persona\u00bb. Vecinos siguen protestando y hubo disturbios en una sede de Edesur. <a href=\"https:\/\/www.perfil.com\/noticias\/actualidad\/gobierno-denuncia-penalmente-directorio-edesur-mientras-vecinos-protestan-falta-luz.phtml\">Leer m\u00e1s<\/a><\/p>\n","protected":false},"excerpt":{"rendered":"<p>La denuncia es por \u00abmalversaci\u00f3n, fraude en perjuicio de la administraci\u00f3n p\u00fablica y abandono de persona\u00bb. Vecinos siguen protestando y hubo disturbios en una sede de Edesur. Leer m\u00e1s<\/p>\n","protected":false},"author":0,"featured_media":0,"comment_status":"","ping_status":"","sticky":false,"template":"","format":"standard","meta":{"footnotes":""},"categories":[1],"tags":[],"class_list":["post-38396","post","type-post","status-publish","format-standard","hentry","category-sin-categoria"],"_links":{"self":[{"href":"http:\/\/fmdelpueblo.ar\/index.php?rest_route=\/wp\/v2\/posts\/38396","targetHints":{"allow":["GET"]}}],"collection":[{"href":"http:\/\/fmdelpueblo.ar\/index.php?rest_route=\/wp\/v2\/posts"}],"about":[{"href":"http:\/\/fmdelpueblo.ar\/index.php?rest_route=\/wp\/v2\/types\/post"}],"replies":[{"embeddable":true,"href":"http:\/\/fmdelpueblo.ar\/index.php?rest_route=%2Fwp%2Fv2%2Fcomments&post=38396"}],"version-history":[{"count":0,"href":"http:\/\/fmdelpueblo.ar\/index.php?rest_route=\/wp\/v2\/posts\/38396\/revisions"}],"wp:attachment":[{"href":"http:\/\/fmdelpueblo.ar\/index.php?rest_route=%2Fwp%2Fv2%2Fmedia&parent=38396"}],"wp:term":[{"taxonomy":"category","embeddable":true,"href":"http:\/\/fmdelpueblo.ar\/index.php?rest_route=%2Fwp%2Fv2%2Fcategories&post=38396"},{"taxonomy":"post_tag","embeddable":true,"href":"http:\/\/fmdelpueblo.ar\/index.php?rest_route=%2Fwp%2Fv2%2Ftags&post=38396"}],"curies":[{"name":"wp","href":"https:\/\/api.w.org\/{rel}","templated":true}]}}