{"id":38395,"date":"2023-03-16T01:09:09","date_gmt":"2023-03-16T01:09:09","guid":{"rendered":"http:\/\/fmdelpueblo.ar\/?p=38395"},"modified":"2023-03-16T01:09:09","modified_gmt":"2023-03-16T01:09:09","slug":"tension-diplomatica-argentina-cree-que-ecuador-hiperpolitizo-el-asilo-politico-que-se-le-dio-a-una-ex-ministra","status":"publish","type":"post","link":"http:\/\/fmdelpueblo.ar\/?p=38395","title":{"rendered":"Tensi\u00f3n diplom\u00e1tica: Argentina cree que Ecuador \u00abhiperpolitiz\u00f3\u00bb el asilo pol\u00edtico que se le dio a una ex ministra"},"content":{"rendered":"<\/p>\n<p>Se trata de Mar\u00eda de los \u00c1ngeles Duarte, sentenciada a ocho a\u00f1os de prisi\u00f3n por corrupci\u00f3n. La gesti\u00f3n de Lasso en Ecuador ech\u00f3 al embajador argentino y lo declararon \u00abpersona no grata\u00bb. La respuesta de Canciller\u00eda. <a href=\"https:\/\/www.perfil.com\/noticias\/politica\/tension-diplomatica-argentina-cree-ecuador-hiperpolitizo-asilo-politico-se-dio-ex-ministra.phtml\">Leer m\u00e1s<\/a><\/p>\n","protected":false},"excerpt":{"rendered":"<p>Se trata de Mar\u00eda de los \u00c1ngeles Duarte, sentenciada a ocho a\u00f1os de prisi\u00f3n por corrupci\u00f3n. La gesti\u00f3n de Lasso en Ecuador ech\u00f3 al embajador argentino y lo declararon \u00abpersona no grata\u00bb. La respuesta de Canciller\u00eda. Leer m\u00e1s<\/p>\n","protected":false},"author":0,"featured_media":0,"comment_status":"","ping_status":"","sticky":false,"template":"","format":"standard","meta":{"footnotes":""},"categories":[1],"tags":[],"class_list":["post-38395","post","type-post","status-publish","format-standard","hentry","category-sin-categoria"],"_links":{"self":[{"href":"http:\/\/fmdelpueblo.ar\/index.php?rest_route=\/wp\/v2\/posts\/38395","targetHints":{"allow":["GET"]}}],"collection":[{"href":"http:\/\/fmdelpueblo.ar\/index.php?rest_route=\/wp\/v2\/posts"}],"about":[{"href":"http:\/\/fmdelpueblo.ar\/index.php?rest_route=\/wp\/v2\/types\/post"}],"replies":[{"embeddable":true,"href":"http:\/\/fmdelpueblo.ar\/index.php?rest_route=%2Fwp%2Fv2%2Fcomments&post=38395"}],"version-history":[{"count":0,"href":"http:\/\/fmdelpueblo.ar\/index.php?rest_route=\/wp\/v2\/posts\/38395\/revisions"}],"wp:attachment":[{"href":"http:\/\/fmdelpueblo.ar\/index.php?rest_route=%2Fwp%2Fv2%2Fmedia&parent=38395"}],"wp:term":[{"taxonomy":"category","embeddable":true,"href":"http:\/\/fmdelpueblo.ar\/index.php?rest_route=%2Fwp%2Fv2%2Fcategories&post=38395"},{"taxonomy":"post_tag","embeddable":true,"href":"http:\/\/fmdelpueblo.ar\/index.php?rest_route=%2Fwp%2Fv2%2Ftags&post=38395"}],"curies":[{"name":"wp","href":"https:\/\/api.w.org\/{rel}","templated":true}]}}