{"id":38394,"date":"2023-03-16T00:09:14","date_gmt":"2023-03-16T00:09:14","guid":{"rendered":"https:\/\/fmdelpueblo.ar\/?p=38394"},"modified":"2023-03-16T00:09:14","modified_gmt":"2023-03-16T00:09:14","slug":"diputados-y-el-incaa-proyectaran-argentina-1985-en-las-escalinatas-del-congreso-nacional","status":"publish","type":"post","link":"http:\/\/fmdelpueblo.ar\/?p=38394","title":{"rendered":"Diputados y el INCAA proyectar\u00e1n \u00abArgentina, 1985\u00bb en las escalinatas del Congreso Nacional"},"content":{"rendered":"<\/p>\n<p>Ser\u00e1 en el marco de las distintas actividades que se vienen realizando por la conmemoraci\u00f3n de los 40 a\u00f1os de Democracia en nuestro pa\u00eds. La cita es el s\u00e1bado 25 de marzo a las 20 horas. <a href=\"https:\/\/www.perfil.com\/noticias\/actualidad\/diputados-y-el-incaa-proyectaran-argentina-1985-en-las-escalinatas-del-congreso-nacional.phtml\">Leer m\u00e1s<\/a><\/p>\n","protected":false},"excerpt":{"rendered":"<p>Ser\u00e1 en el marco de las distintas actividades que se vienen realizando por la conmemoraci\u00f3n de los 40 a\u00f1os de Democracia en nuestro pa\u00eds. La cita es el s\u00e1bado 25 de marzo a las 20 horas. Leer m\u00e1s<\/p>\n","protected":false},"author":0,"featured_media":0,"comment_status":"","ping_status":"","sticky":false,"template":"","format":"standard","meta":{"footnotes":""},"categories":[1],"tags":[],"class_list":["post-38394","post","type-post","status-publish","format-standard","hentry","category-sin-categoria"],"_links":{"self":[{"href":"http:\/\/fmdelpueblo.ar\/index.php?rest_route=\/wp\/v2\/posts\/38394","targetHints":{"allow":["GET"]}}],"collection":[{"href":"http:\/\/fmdelpueblo.ar\/index.php?rest_route=\/wp\/v2\/posts"}],"about":[{"href":"http:\/\/fmdelpueblo.ar\/index.php?rest_route=\/wp\/v2\/types\/post"}],"replies":[{"embeddable":true,"href":"http:\/\/fmdelpueblo.ar\/index.php?rest_route=%2Fwp%2Fv2%2Fcomments&post=38394"}],"version-history":[{"count":0,"href":"http:\/\/fmdelpueblo.ar\/index.php?rest_route=\/wp\/v2\/posts\/38394\/revisions"}],"wp:attachment":[{"href":"http:\/\/fmdelpueblo.ar\/index.php?rest_route=%2Fwp%2Fv2%2Fmedia&parent=38394"}],"wp:term":[{"taxonomy":"category","embeddable":true,"href":"http:\/\/fmdelpueblo.ar\/index.php?rest_route=%2Fwp%2Fv2%2Fcategories&post=38394"},{"taxonomy":"post_tag","embeddable":true,"href":"http:\/\/fmdelpueblo.ar\/index.php?rest_route=%2Fwp%2Fv2%2Ftags&post=38394"}],"curies":[{"name":"wp","href":"https:\/\/api.w.org\/{rel}","templated":true}]}}