{"id":38392,"date":"2023-03-16T00:09:13","date_gmt":"2023-03-16T00:09:13","guid":{"rendered":"https:\/\/fmdelpueblo.ar\/?p=38392"},"modified":"2023-03-16T00:09:13","modified_gmt":"2023-03-16T00:09:13","slug":"ecuador-cuestiono-a-argentina-por-la-fuga-de-duarte-en-el-mejor-de-los-casos-hubo-negligencia-en-el-peor-complicidad","status":"publish","type":"post","link":"http:\/\/fmdelpueblo.ar\/?p=38392","title":{"rendered":"Ecuador cuestion\u00f3 a Argentina por la fuga de Duarte: \u00abEn el mejor de los casos hubo negligencia, en el peor complicidad\u00bb"},"content":{"rendered":"<\/p>\n<p>El canciller de ese pa\u00eds, Juan Carlos Holgu\u00edn, puso en duda lo ocurrido aunque asegur\u00f3 que esperan pronto poder recomponer el v\u00ednculo con nuestro pa\u00eds. \u00abUn rompimiento diplom\u00e1tico ser\u00eda una medida contraproducente\u00bb, advirti\u00f3.  <a href=\"https:\/\/www.perfil.com\/noticias\/internacional\/ecuador-cuestiono-a-argentina-por-la-fuga-de-duarte-en-el-mejor-de-los-casos-hubo-negligencia-en-el-peor-complicidad.phtml\">Leer m\u00e1s<\/a><\/p>\n","protected":false},"excerpt":{"rendered":"<p>El canciller de ese pa\u00eds, Juan Carlos Holgu\u00edn, puso en duda lo ocurrido aunque asegur\u00f3 que esperan pronto poder recomponer el v\u00ednculo con nuestro pa\u00eds. \u00abUn rompimiento diplom\u00e1tico ser\u00eda una medida contraproducente\u00bb, advirti\u00f3. Leer m\u00e1s<\/p>\n","protected":false},"author":0,"featured_media":0,"comment_status":"","ping_status":"","sticky":false,"template":"","format":"standard","meta":{"footnotes":""},"categories":[1],"tags":[],"class_list":["post-38392","post","type-post","status-publish","format-standard","hentry","category-sin-categoria"],"_links":{"self":[{"href":"http:\/\/fmdelpueblo.ar\/index.php?rest_route=\/wp\/v2\/posts\/38392","targetHints":{"allow":["GET"]}}],"collection":[{"href":"http:\/\/fmdelpueblo.ar\/index.php?rest_route=\/wp\/v2\/posts"}],"about":[{"href":"http:\/\/fmdelpueblo.ar\/index.php?rest_route=\/wp\/v2\/types\/post"}],"replies":[{"embeddable":true,"href":"http:\/\/fmdelpueblo.ar\/index.php?rest_route=%2Fwp%2Fv2%2Fcomments&post=38392"}],"version-history":[{"count":0,"href":"http:\/\/fmdelpueblo.ar\/index.php?rest_route=\/wp\/v2\/posts\/38392\/revisions"}],"wp:attachment":[{"href":"http:\/\/fmdelpueblo.ar\/index.php?rest_route=%2Fwp%2Fv2%2Fmedia&parent=38392"}],"wp:term":[{"taxonomy":"category","embeddable":true,"href":"http:\/\/fmdelpueblo.ar\/index.php?rest_route=%2Fwp%2Fv2%2Fcategories&post=38392"},{"taxonomy":"post_tag","embeddable":true,"href":"http:\/\/fmdelpueblo.ar\/index.php?rest_route=%2Fwp%2Fv2%2Ftags&post=38392"}],"curies":[{"name":"wp","href":"https:\/\/api.w.org\/{rel}","templated":true}]}}