{"id":38389,"date":"2023-03-15T23:09:39","date_gmt":"2023-03-15T23:09:39","guid":{"rendered":"https:\/\/fmdelpueblo.ar\/?p=38389"},"modified":"2023-03-15T23:09:39","modified_gmt":"2023-03-15T23:09:39","slug":"gerardo-morales-formalizo-su-precandidatura-sin-indirectas-cristina-es-hora-que-te-vayas-a-tu-casa","status":"publish","type":"post","link":"http:\/\/fmdelpueblo.ar\/?p=38389","title":{"rendered":"Gerardo Morales formaliz\u00f3 su precandidatura sin indirectas: \u00abCristina, es hora que te vayas a tu casa\u00bb"},"content":{"rendered":"<\/p>\n<p>El gobernador de la provincia de Jujuy y titular de la Uni\u00f3n C\u00edvica Radical (UCR) se lanz\u00f3 a la carrera presidencial con un acto en el teatro Gran Rex del centro porte\u00f1o. Cr\u00edticas a Alberto Fern\u00e1ndez y acusaciones a CFK. <a href=\"https:\/\/www.perfil.com\/noticias\/politica\/gerardo-morales-formalizo-su-precandidatura-sin-indirectas-cristina-es-hora-que-te-vayas-a-tu-casa.phtml\">Leer m\u00e1s<\/a><\/p>\n","protected":false},"excerpt":{"rendered":"<p>El gobernador de la provincia de Jujuy y titular de la Uni\u00f3n C\u00edvica Radical (UCR) se lanz\u00f3 a la carrera presidencial con un acto en el teatro Gran Rex del centro porte\u00f1o. Cr\u00edticas a Alberto Fern\u00e1ndez y acusaciones a CFK. Leer m\u00e1s<\/p>\n","protected":false},"author":0,"featured_media":0,"comment_status":"","ping_status":"","sticky":false,"template":"","format":"standard","meta":{"footnotes":""},"categories":[1],"tags":[],"class_list":["post-38389","post","type-post","status-publish","format-standard","hentry","category-sin-categoria"],"_links":{"self":[{"href":"http:\/\/fmdelpueblo.ar\/index.php?rest_route=\/wp\/v2\/posts\/38389","targetHints":{"allow":["GET"]}}],"collection":[{"href":"http:\/\/fmdelpueblo.ar\/index.php?rest_route=\/wp\/v2\/posts"}],"about":[{"href":"http:\/\/fmdelpueblo.ar\/index.php?rest_route=\/wp\/v2\/types\/post"}],"replies":[{"embeddable":true,"href":"http:\/\/fmdelpueblo.ar\/index.php?rest_route=%2Fwp%2Fv2%2Fcomments&post=38389"}],"version-history":[{"count":0,"href":"http:\/\/fmdelpueblo.ar\/index.php?rest_route=\/wp\/v2\/posts\/38389\/revisions"}],"wp:attachment":[{"href":"http:\/\/fmdelpueblo.ar\/index.php?rest_route=%2Fwp%2Fv2%2Fmedia&parent=38389"}],"wp:term":[{"taxonomy":"category","embeddable":true,"href":"http:\/\/fmdelpueblo.ar\/index.php?rest_route=%2Fwp%2Fv2%2Fcategories&post=38389"},{"taxonomy":"post_tag","embeddable":true,"href":"http:\/\/fmdelpueblo.ar\/index.php?rest_route=%2Fwp%2Fv2%2Ftags&post=38389"}],"curies":[{"name":"wp","href":"https:\/\/api.w.org\/{rel}","templated":true}]}}