{"id":38388,"date":"2023-03-15T22:09:05","date_gmt":"2023-03-15T22:09:05","guid":{"rendered":"https:\/\/fmdelpueblo.ar\/?p=38388"},"modified":"2023-03-15T22:09:05","modified_gmt":"2023-03-15T22:09:05","slug":"juntos-por-el-cambio-pidio-juicio-politico-contra-el-juez-ramos-padilla-por-mal-desempeno-y-faltas-disciplinarias","status":"publish","type":"post","link":"http:\/\/fmdelpueblo.ar\/?p=38388","title":{"rendered":"Juntos por el Cambio pidi\u00f3 juicio pol\u00edtico contra el juez Ramos Padilla por \u00abmal desempe\u00f1o\u00bb y \u00abfaltas disciplinarias\u00bb"},"content":{"rendered":"<\/p>\n<p>La presentaci\u00f3n de los diputados Pablo Tonelli, Mario Negri y Juan Manuel L\u00f3pez tuvo lugar luego de que en la \u00faltima reuni\u00f3n de la comisi\u00f3n saliera rechazada una moci\u00f3n opositora para impulsar la denuncia contra el magistrado. <a href=\"https:\/\/www.perfil.com\/noticias\/actualidad\/juntos-por-el-cambio-pidio-juicio-politico-contra-el-juez-ramos-padilla-por-mal-desempeno-y-faltas-disciplinarias.phtml\">Leer m\u00e1s<\/a><\/p>\n","protected":false},"excerpt":{"rendered":"<p>La presentaci\u00f3n de los diputados Pablo Tonelli, Mario Negri y Juan Manuel L\u00f3pez tuvo lugar luego de que en la \u00faltima reuni\u00f3n de la comisi\u00f3n saliera rechazada una moci\u00f3n opositora para impulsar la denuncia contra el magistrado. Leer m\u00e1s<\/p>\n","protected":false},"author":0,"featured_media":0,"comment_status":"","ping_status":"","sticky":false,"template":"","format":"standard","meta":{"footnotes":""},"categories":[1],"tags":[],"class_list":["post-38388","post","type-post","status-publish","format-standard","hentry","category-sin-categoria"],"_links":{"self":[{"href":"http:\/\/fmdelpueblo.ar\/index.php?rest_route=\/wp\/v2\/posts\/38388","targetHints":{"allow":["GET"]}}],"collection":[{"href":"http:\/\/fmdelpueblo.ar\/index.php?rest_route=\/wp\/v2\/posts"}],"about":[{"href":"http:\/\/fmdelpueblo.ar\/index.php?rest_route=\/wp\/v2\/types\/post"}],"replies":[{"embeddable":true,"href":"http:\/\/fmdelpueblo.ar\/index.php?rest_route=%2Fwp%2Fv2%2Fcomments&post=38388"}],"version-history":[{"count":0,"href":"http:\/\/fmdelpueblo.ar\/index.php?rest_route=\/wp\/v2\/posts\/38388\/revisions"}],"wp:attachment":[{"href":"http:\/\/fmdelpueblo.ar\/index.php?rest_route=%2Fwp%2Fv2%2Fmedia&parent=38388"}],"wp:term":[{"taxonomy":"category","embeddable":true,"href":"http:\/\/fmdelpueblo.ar\/index.php?rest_route=%2Fwp%2Fv2%2Fcategories&post=38388"},{"taxonomy":"post_tag","embeddable":true,"href":"http:\/\/fmdelpueblo.ar\/index.php?rest_route=%2Fwp%2Fv2%2Ftags&post=38388"}],"curies":[{"name":"wp","href":"https:\/\/api.w.org\/{rel}","templated":true}]}}