{"id":38387,"date":"2023-03-15T21:09:00","date_gmt":"2023-03-15T21:09:00","guid":{"rendered":"https:\/\/fmdelpueblo.ar\/?p=38387"},"modified":"2023-03-15T21:09:00","modified_gmt":"2023-03-15T21:09:00","slug":"peru-se-prepara-para-recibir-mas-lluvias-potencialmente-mortales","status":"publish","type":"post","link":"http:\/\/fmdelpueblo.ar\/?p=38387","title":{"rendered":"Per\u00fa se prepara para recibir m\u00e1s lluvias potencialmente mortales"},"content":{"rendered":"<\/p>\n<p>Al menos 58 personas murieron desde que comenz\u00f3 la temporada de lluvias en Per\u00fa a fines del a\u00f1o pasado. <a href=\"https:\/\/www.perfil.com\/noticias\/bloomberg\/bc-desierto-costero-de-peru-se-alista-para-mas-lluvias-mortales.phtml\">Leer m\u00e1s<\/a><\/p>\n","protected":false},"excerpt":{"rendered":"<p>Al menos 58 personas murieron desde que comenz\u00f3 la temporada de lluvias en Per\u00fa a fines del a\u00f1o pasado. Leer m\u00e1s<\/p>\n","protected":false},"author":0,"featured_media":0,"comment_status":"","ping_status":"","sticky":false,"template":"","format":"standard","meta":{"footnotes":""},"categories":[1],"tags":[],"class_list":["post-38387","post","type-post","status-publish","format-standard","hentry","category-sin-categoria"],"_links":{"self":[{"href":"http:\/\/fmdelpueblo.ar\/index.php?rest_route=\/wp\/v2\/posts\/38387","targetHints":{"allow":["GET"]}}],"collection":[{"href":"http:\/\/fmdelpueblo.ar\/index.php?rest_route=\/wp\/v2\/posts"}],"about":[{"href":"http:\/\/fmdelpueblo.ar\/index.php?rest_route=\/wp\/v2\/types\/post"}],"replies":[{"embeddable":true,"href":"http:\/\/fmdelpueblo.ar\/index.php?rest_route=%2Fwp%2Fv2%2Fcomments&post=38387"}],"version-history":[{"count":0,"href":"http:\/\/fmdelpueblo.ar\/index.php?rest_route=\/wp\/v2\/posts\/38387\/revisions"}],"wp:attachment":[{"href":"http:\/\/fmdelpueblo.ar\/index.php?rest_route=%2Fwp%2Fv2%2Fmedia&parent=38387"}],"wp:term":[{"taxonomy":"category","embeddable":true,"href":"http:\/\/fmdelpueblo.ar\/index.php?rest_route=%2Fwp%2Fv2%2Fcategories&post=38387"},{"taxonomy":"post_tag","embeddable":true,"href":"http:\/\/fmdelpueblo.ar\/index.php?rest_route=%2Fwp%2Fv2%2Ftags&post=38387"}],"curies":[{"name":"wp","href":"https:\/\/api.w.org\/{rel}","templated":true}]}}