{"id":38379,"date":"2023-03-15T20:09:03","date_gmt":"2023-03-15T20:09:03","guid":{"rendered":"http:\/\/fmdelpueblo.ar\/?p=38379"},"modified":"2023-03-15T20:09:03","modified_gmt":"2023-03-15T20:09:03","slug":"una-tragica-coincidencia-y-un-negocio-millonario-barbara-oliver-la-esposa-del-hijo-de-ramon-diaz","status":"publish","type":"post","link":"http:\/\/fmdelpueblo.ar\/?p=38379","title":{"rendered":"Una tr\u00e1gica coincidencia y un negocio millonario: B\u00e1rbara Oliver, la esposa del hijo de Ram\u00f3n D\u00edaz"},"content":{"rendered":"<\/p>\n<p>La marplatense conoci\u00f3 al exfutbolista al mudarse a CABA a\u00f1os despu\u00e9s del accidente vial de su hermano. Los investigadores sospechan que no llevaba puesto el cintur\u00f3n de seguridad. <a href=\"https:\/\/www.perfil.com\/noticias\/sociedad\/dos-tragedias-y-un-negocio-millonario-quien-es-barbara-oliver-la-esposa-del-hijo-de-ramon-diaz.phtml\">Leer m\u00e1s<\/a><\/p>\n","protected":false},"excerpt":{"rendered":"<p>La marplatense conoci\u00f3 al exfutbolista al mudarse a CABA a\u00f1os despu\u00e9s del accidente vial de su hermano. Los investigadores sospechan que no llevaba puesto el cintur\u00f3n de seguridad. Leer m\u00e1s<\/p>\n","protected":false},"author":0,"featured_media":0,"comment_status":"","ping_status":"","sticky":false,"template":"","format":"standard","meta":{"footnotes":""},"categories":[1],"tags":[],"class_list":["post-38379","post","type-post","status-publish","format-standard","hentry","category-sin-categoria"],"_links":{"self":[{"href":"http:\/\/fmdelpueblo.ar\/index.php?rest_route=\/wp\/v2\/posts\/38379","targetHints":{"allow":["GET"]}}],"collection":[{"href":"http:\/\/fmdelpueblo.ar\/index.php?rest_route=\/wp\/v2\/posts"}],"about":[{"href":"http:\/\/fmdelpueblo.ar\/index.php?rest_route=\/wp\/v2\/types\/post"}],"replies":[{"embeddable":true,"href":"http:\/\/fmdelpueblo.ar\/index.php?rest_route=%2Fwp%2Fv2%2Fcomments&post=38379"}],"version-history":[{"count":0,"href":"http:\/\/fmdelpueblo.ar\/index.php?rest_route=\/wp\/v2\/posts\/38379\/revisions"}],"wp:attachment":[{"href":"http:\/\/fmdelpueblo.ar\/index.php?rest_route=%2Fwp%2Fv2%2Fmedia&parent=38379"}],"wp:term":[{"taxonomy":"category","embeddable":true,"href":"http:\/\/fmdelpueblo.ar\/index.php?rest_route=%2Fwp%2Fv2%2Fcategories&post=38379"},{"taxonomy":"post_tag","embeddable":true,"href":"http:\/\/fmdelpueblo.ar\/index.php?rest_route=%2Fwp%2Fv2%2Ftags&post=38379"}],"curies":[{"name":"wp","href":"https:\/\/api.w.org\/{rel}","templated":true}]}}