{"id":38378,"date":"2023-03-15T20:09:03","date_gmt":"2023-03-15T20:09:03","guid":{"rendered":"http:\/\/fmdelpueblo.ar\/?p=38378"},"modified":"2023-03-15T20:09:03","modified_gmt":"2023-03-15T20:09:03","slug":"hito-historico-los-oceanos-seran-patrimonio-de-la-humanidad","status":"publish","type":"post","link":"http:\/\/fmdelpueblo.ar\/?p=38378","title":{"rendered":"Hito hist\u00f3rico: los oc\u00e9anos ser\u00e1n Patrimonio de la Humanidad"},"content":{"rendered":"<\/p>\n<p>Se logr\u00f3 un acuerdo para que el Altamar, las \u00e1reas fuera de jurisdicciones nacionales, sean a partir de la sanci\u00f3n de una ley, Areas Marinas Protegidas. Abarcan el 43% de la superficie del globo terrestre <a href=\"https:\/\/www.perfil.com\/noticias\/opinion\/hito-historico-los-oceanos-seran-patrimonio-de-la-humanidad.phtml\">Leer m\u00e1s<\/a><\/p>\n","protected":false},"excerpt":{"rendered":"<p>Se logr\u00f3 un acuerdo para que el Altamar, las \u00e1reas fuera de jurisdicciones nacionales, sean a partir de la sanci\u00f3n de una ley, Areas Marinas Protegidas. Abarcan el 43% de la superficie del globo terrestre Leer m\u00e1s<\/p>\n","protected":false},"author":0,"featured_media":0,"comment_status":"","ping_status":"","sticky":false,"template":"","format":"standard","meta":{"footnotes":""},"categories":[1],"tags":[],"class_list":["post-38378","post","type-post","status-publish","format-standard","hentry","category-sin-categoria"],"_links":{"self":[{"href":"http:\/\/fmdelpueblo.ar\/index.php?rest_route=\/wp\/v2\/posts\/38378","targetHints":{"allow":["GET"]}}],"collection":[{"href":"http:\/\/fmdelpueblo.ar\/index.php?rest_route=\/wp\/v2\/posts"}],"about":[{"href":"http:\/\/fmdelpueblo.ar\/index.php?rest_route=\/wp\/v2\/types\/post"}],"replies":[{"embeddable":true,"href":"http:\/\/fmdelpueblo.ar\/index.php?rest_route=%2Fwp%2Fv2%2Fcomments&post=38378"}],"version-history":[{"count":0,"href":"http:\/\/fmdelpueblo.ar\/index.php?rest_route=\/wp\/v2\/posts\/38378\/revisions"}],"wp:attachment":[{"href":"http:\/\/fmdelpueblo.ar\/index.php?rest_route=%2Fwp%2Fv2%2Fmedia&parent=38378"}],"wp:term":[{"taxonomy":"category","embeddable":true,"href":"http:\/\/fmdelpueblo.ar\/index.php?rest_route=%2Fwp%2Fv2%2Fcategories&post=38378"},{"taxonomy":"post_tag","embeddable":true,"href":"http:\/\/fmdelpueblo.ar\/index.php?rest_route=%2Fwp%2Fv2%2Ftags&post=38378"}],"curies":[{"name":"wp","href":"https:\/\/api.w.org\/{rel}","templated":true}]}}