{"id":38377,"date":"2023-03-15T20:09:02","date_gmt":"2023-03-15T20:09:02","guid":{"rendered":"http:\/\/fmdelpueblo.ar\/?p=38377"},"modified":"2023-03-15T20:09:02","modified_gmt":"2023-03-15T20:09:02","slug":"el-gobierno-suizo-discute-opciones-para-estabilizar-al-credit-suisse","status":"publish","type":"post","link":"http:\/\/fmdelpueblo.ar\/?p=38377","title":{"rendered":"El gobierno suizo discute opciones para estabilizar al Credit Suisse"},"content":{"rendered":"<\/p>\n<p>Aunque la planificaci\u00f3n se viene realizando desde hace tiempo, se ha hecho m\u00e1s urgente despu\u00e9s de que las acciones de la empresa cayeran a m\u00ednimos hist\u00f3ricos este mi\u00e9rcoles. <a href=\"https:\/\/www.perfil.com\/noticias\/bloomberg\/bc-gobierno-suizo-discute-opciones-para-estabilizar-a-credit-suisse.phtml\">Leer m\u00e1s<\/a><\/p>\n","protected":false},"excerpt":{"rendered":"<p>Aunque la planificaci\u00f3n se viene realizando desde hace tiempo, se ha hecho m\u00e1s urgente despu\u00e9s de que las acciones de la empresa cayeran a m\u00ednimos hist\u00f3ricos este mi\u00e9rcoles. Leer m\u00e1s<\/p>\n","protected":false},"author":0,"featured_media":0,"comment_status":"","ping_status":"","sticky":false,"template":"","format":"standard","meta":{"footnotes":""},"categories":[1],"tags":[],"class_list":["post-38377","post","type-post","status-publish","format-standard","hentry","category-sin-categoria"],"_links":{"self":[{"href":"http:\/\/fmdelpueblo.ar\/index.php?rest_route=\/wp\/v2\/posts\/38377","targetHints":{"allow":["GET"]}}],"collection":[{"href":"http:\/\/fmdelpueblo.ar\/index.php?rest_route=\/wp\/v2\/posts"}],"about":[{"href":"http:\/\/fmdelpueblo.ar\/index.php?rest_route=\/wp\/v2\/types\/post"}],"replies":[{"embeddable":true,"href":"http:\/\/fmdelpueblo.ar\/index.php?rest_route=%2Fwp%2Fv2%2Fcomments&post=38377"}],"version-history":[{"count":0,"href":"http:\/\/fmdelpueblo.ar\/index.php?rest_route=\/wp\/v2\/posts\/38377\/revisions"}],"wp:attachment":[{"href":"http:\/\/fmdelpueblo.ar\/index.php?rest_route=%2Fwp%2Fv2%2Fmedia&parent=38377"}],"wp:term":[{"taxonomy":"category","embeddable":true,"href":"http:\/\/fmdelpueblo.ar\/index.php?rest_route=%2Fwp%2Fv2%2Fcategories&post=38377"},{"taxonomy":"post_tag","embeddable":true,"href":"http:\/\/fmdelpueblo.ar\/index.php?rest_route=%2Fwp%2Fv2%2Ftags&post=38377"}],"curies":[{"name":"wp","href":"https:\/\/api.w.org\/{rel}","templated":true}]}}