{"id":38372,"date":"2023-03-15T19:09:12","date_gmt":"2023-03-15T19:09:12","guid":{"rendered":"http:\/\/fmdelpueblo.ar\/?p=38372"},"modified":"2023-03-15T19:09:12","modified_gmt":"2023-03-15T19:09:12","slug":"lago-escondido-un-juez-de-bariloche-rechazo-enviar-la-causa-a-comodoro-py","status":"publish","type":"post","link":"http:\/\/fmdelpueblo.ar\/?p=38372","title":{"rendered":"Lago Escondido: un juez de Bariloche rechaz\u00f3 enviar la causa a Comodoro Py"},"content":{"rendered":"<\/p>\n<p>El magistrado Villanueva pidi\u00f3 que la causa siga tramitando en Bariloche, donde se impuls\u00f3 la investigaci\u00f3n, se fij\u00f3 la plataforma f\u00e1ctica y se dispusieron numerosas medidas de prueba, algo que no hicieron los tribunales de Retiro. <a href=\"https:\/\/www.perfil.com\/noticias\/politica\/lago-escondido-juez-bariloche-rechazo-enviar-causa-comodoro-py.phtml\">Leer m\u00e1s<\/a><\/p>\n","protected":false},"excerpt":{"rendered":"<p>El magistrado Villanueva pidi\u00f3 que la causa siga tramitando en Bariloche, donde se impuls\u00f3 la investigaci\u00f3n, se fij\u00f3 la plataforma f\u00e1ctica y se dispusieron numerosas medidas de prueba, algo que no hicieron los tribunales de Retiro. Leer m\u00e1s<\/p>\n","protected":false},"author":0,"featured_media":0,"comment_status":"","ping_status":"","sticky":false,"template":"","format":"standard","meta":{"footnotes":""},"categories":[1],"tags":[],"class_list":["post-38372","post","type-post","status-publish","format-standard","hentry","category-sin-categoria"],"_links":{"self":[{"href":"http:\/\/fmdelpueblo.ar\/index.php?rest_route=\/wp\/v2\/posts\/38372","targetHints":{"allow":["GET"]}}],"collection":[{"href":"http:\/\/fmdelpueblo.ar\/index.php?rest_route=\/wp\/v2\/posts"}],"about":[{"href":"http:\/\/fmdelpueblo.ar\/index.php?rest_route=\/wp\/v2\/types\/post"}],"replies":[{"embeddable":true,"href":"http:\/\/fmdelpueblo.ar\/index.php?rest_route=%2Fwp%2Fv2%2Fcomments&post=38372"}],"version-history":[{"count":0,"href":"http:\/\/fmdelpueblo.ar\/index.php?rest_route=\/wp\/v2\/posts\/38372\/revisions"}],"wp:attachment":[{"href":"http:\/\/fmdelpueblo.ar\/index.php?rest_route=%2Fwp%2Fv2%2Fmedia&parent=38372"}],"wp:term":[{"taxonomy":"category","embeddable":true,"href":"http:\/\/fmdelpueblo.ar\/index.php?rest_route=%2Fwp%2Fv2%2Fcategories&post=38372"},{"taxonomy":"post_tag","embeddable":true,"href":"http:\/\/fmdelpueblo.ar\/index.php?rest_route=%2Fwp%2Fv2%2Ftags&post=38372"}],"curies":[{"name":"wp","href":"https:\/\/api.w.org\/{rel}","templated":true}]}}