{"id":38371,"date":"2023-03-15T19:09:11","date_gmt":"2023-03-15T19:09:11","guid":{"rendered":"http:\/\/fmdelpueblo.ar\/?p=38371"},"modified":"2023-03-15T19:09:11","modified_gmt":"2023-03-15T19:09:11","slug":"una-peluca-por-un-voto-el-pacto-entre-baby-etchecopar-y-horacio-rodriguez-larreta","status":"publish","type":"post","link":"http:\/\/fmdelpueblo.ar\/?p=38371","title":{"rendered":"Una peluca por un voto: el \u201cpacto\u201d entre \u201cBaby\u201d Etchecopar y Horacio Rodr\u00edguez Larreta"},"content":{"rendered":"<\/p>\n<p>El conductor le coloc\u00f3 una cabellera postiza al precandidato presidencial en vivo. En 2022, lo hab\u00eda cuestionado por no darle entrevistas y amenaz\u00f3 con hablar de \u00abnegociados\u00bb. <a href=\"https:\/\/www.perfil.com\/noticias\/medios\/una-peluca-por-un-voto-el-pacto-entre-baby-etchecopar-y-horacio-rodriguez-larreta.phtml\">Leer m\u00e1s<\/a><\/p>\n","protected":false},"excerpt":{"rendered":"<p>El conductor le coloc\u00f3 una cabellera postiza al precandidato presidencial en vivo. En 2022, lo hab\u00eda cuestionado por no darle entrevistas y amenaz\u00f3 con hablar de \u00abnegociados\u00bb. Leer m\u00e1s<\/p>\n","protected":false},"author":0,"featured_media":0,"comment_status":"","ping_status":"","sticky":false,"template":"","format":"standard","meta":{"footnotes":""},"categories":[1],"tags":[],"class_list":["post-38371","post","type-post","status-publish","format-standard","hentry","category-sin-categoria"],"_links":{"self":[{"href":"http:\/\/fmdelpueblo.ar\/index.php?rest_route=\/wp\/v2\/posts\/38371","targetHints":{"allow":["GET"]}}],"collection":[{"href":"http:\/\/fmdelpueblo.ar\/index.php?rest_route=\/wp\/v2\/posts"}],"about":[{"href":"http:\/\/fmdelpueblo.ar\/index.php?rest_route=\/wp\/v2\/types\/post"}],"replies":[{"embeddable":true,"href":"http:\/\/fmdelpueblo.ar\/index.php?rest_route=%2Fwp%2Fv2%2Fcomments&post=38371"}],"version-history":[{"count":0,"href":"http:\/\/fmdelpueblo.ar\/index.php?rest_route=\/wp\/v2\/posts\/38371\/revisions"}],"wp:attachment":[{"href":"http:\/\/fmdelpueblo.ar\/index.php?rest_route=%2Fwp%2Fv2%2Fmedia&parent=38371"}],"wp:term":[{"taxonomy":"category","embeddable":true,"href":"http:\/\/fmdelpueblo.ar\/index.php?rest_route=%2Fwp%2Fv2%2Fcategories&post=38371"},{"taxonomy":"post_tag","embeddable":true,"href":"http:\/\/fmdelpueblo.ar\/index.php?rest_route=%2Fwp%2Fv2%2Ftags&post=38371"}],"curies":[{"name":"wp","href":"https:\/\/api.w.org\/{rel}","templated":true}]}}