{"id":38370,"date":"2023-03-15T19:09:11","date_gmt":"2023-03-15T19:09:11","guid":{"rendered":"http:\/\/fmdelpueblo.ar\/?p=38370"},"modified":"2023-03-15T19:09:11","modified_gmt":"2023-03-15T19:09:11","slug":"un-bombero-voluntario-es-la-otra-victima-fatal-del-accidente-del-hijo-de-ramon-diaz","status":"publish","type":"post","link":"http:\/\/fmdelpueblo.ar\/?p=38370","title":{"rendered":"Un bombero voluntario es la otra v\u00edctima fatal del accidente del hijo de Ram\u00f3n D\u00edaz"},"content":{"rendered":"<\/p>\n<p>Se trata de Aldo Flaqu\u00e9, un vecino de 25 de mayo. Tambi\u00e9n muri\u00f3 la mujer de Michael D\u00edaz, quien ser\u00e1 imputado bajo la figura de doble homicidio culposo. <a href=\"https:\/\/www.perfil.com\/noticias\/actualidad\/un-bombero-voluntario-es-la-otra-victima-fatal-del-accidente-del-hijo-de-ramon-diaz.phtml\">Leer m\u00e1s<\/a><\/p>\n","protected":false},"excerpt":{"rendered":"<p>Se trata de Aldo Flaqu\u00e9, un vecino de 25 de mayo. Tambi\u00e9n muri\u00f3 la mujer de Michael D\u00edaz, quien ser\u00e1 imputado bajo la figura de doble homicidio culposo. Leer m\u00e1s<\/p>\n","protected":false},"author":0,"featured_media":0,"comment_status":"","ping_status":"","sticky":false,"template":"","format":"standard","meta":{"footnotes":""},"categories":[1],"tags":[],"class_list":["post-38370","post","type-post","status-publish","format-standard","hentry","category-sin-categoria"],"_links":{"self":[{"href":"http:\/\/fmdelpueblo.ar\/index.php?rest_route=\/wp\/v2\/posts\/38370","targetHints":{"allow":["GET"]}}],"collection":[{"href":"http:\/\/fmdelpueblo.ar\/index.php?rest_route=\/wp\/v2\/posts"}],"about":[{"href":"http:\/\/fmdelpueblo.ar\/index.php?rest_route=\/wp\/v2\/types\/post"}],"replies":[{"embeddable":true,"href":"http:\/\/fmdelpueblo.ar\/index.php?rest_route=%2Fwp%2Fv2%2Fcomments&post=38370"}],"version-history":[{"count":0,"href":"http:\/\/fmdelpueblo.ar\/index.php?rest_route=\/wp\/v2\/posts\/38370\/revisions"}],"wp:attachment":[{"href":"http:\/\/fmdelpueblo.ar\/index.php?rest_route=%2Fwp%2Fv2%2Fmedia&parent=38370"}],"wp:term":[{"taxonomy":"category","embeddable":true,"href":"http:\/\/fmdelpueblo.ar\/index.php?rest_route=%2Fwp%2Fv2%2Fcategories&post=38370"},{"taxonomy":"post_tag","embeddable":true,"href":"http:\/\/fmdelpueblo.ar\/index.php?rest_route=%2Fwp%2Fv2%2Ftags&post=38370"}],"curies":[{"name":"wp","href":"https:\/\/api.w.org\/{rel}","templated":true}]}}