{"id":38369,"date":"2023-03-15T19:09:10","date_gmt":"2023-03-15T19:09:10","guid":{"rendered":"http:\/\/fmdelpueblo.ar\/?p=38369"},"modified":"2023-03-15T19:09:10","modified_gmt":"2023-03-15T19:09:10","slug":"la-justicia-ordeno-la-liberacion-de-ricardo-jaime","status":"publish","type":"post","link":"http:\/\/fmdelpueblo.ar\/?p=38369","title":{"rendered":"La Justicia orden\u00f3 la liberaci\u00f3n de Ricardo Jaime"},"content":{"rendered":"<\/p>\n<p>La Justicia decidi\u00f3 la liberaci\u00f3n del ex secretario de Transporte del kirchnerismo, preso\u00a0en el marco de la causa por la tragedia\u00a0ferroviaria de Once desde\u00a02016 y por la que fue condenado a una pena \u00fanica de 8 a\u00f1os de prisi\u00f3n. <a href=\"https:\/\/www.perfil.com\/noticias\/actualidad\/la-justicia-ordeno-la-liberacion-de-ricardo-jaime.phtml\">Leer m\u00e1s<\/a><\/p>\n","protected":false},"excerpt":{"rendered":"<p>La Justicia decidi\u00f3 la liberaci\u00f3n del ex secretario de Transporte del kirchnerismo, preso\u00a0en el marco de la causa por la tragedia\u00a0ferroviaria de Once desde\u00a02016 y por la que fue condenado a una pena \u00fanica de 8 a\u00f1os de prisi\u00f3n. Leer m\u00e1s<\/p>\n","protected":false},"author":0,"featured_media":0,"comment_status":"","ping_status":"","sticky":false,"template":"","format":"standard","meta":{"footnotes":""},"categories":[1],"tags":[],"class_list":["post-38369","post","type-post","status-publish","format-standard","hentry","category-sin-categoria"],"_links":{"self":[{"href":"http:\/\/fmdelpueblo.ar\/index.php?rest_route=\/wp\/v2\/posts\/38369","targetHints":{"allow":["GET"]}}],"collection":[{"href":"http:\/\/fmdelpueblo.ar\/index.php?rest_route=\/wp\/v2\/posts"}],"about":[{"href":"http:\/\/fmdelpueblo.ar\/index.php?rest_route=\/wp\/v2\/types\/post"}],"replies":[{"embeddable":true,"href":"http:\/\/fmdelpueblo.ar\/index.php?rest_route=%2Fwp%2Fv2%2Fcomments&post=38369"}],"version-history":[{"count":0,"href":"http:\/\/fmdelpueblo.ar\/index.php?rest_route=\/wp\/v2\/posts\/38369\/revisions"}],"wp:attachment":[{"href":"http:\/\/fmdelpueblo.ar\/index.php?rest_route=%2Fwp%2Fv2%2Fmedia&parent=38369"}],"wp:term":[{"taxonomy":"category","embeddable":true,"href":"http:\/\/fmdelpueblo.ar\/index.php?rest_route=%2Fwp%2Fv2%2Fcategories&post=38369"},{"taxonomy":"post_tag","embeddable":true,"href":"http:\/\/fmdelpueblo.ar\/index.php?rest_route=%2Fwp%2Fv2%2Ftags&post=38369"}],"curies":[{"name":"wp","href":"https:\/\/api.w.org\/{rel}","templated":true}]}}