{"id":38366,"date":"2023-03-15T18:08:55","date_gmt":"2023-03-15T18:08:55","guid":{"rendered":"https:\/\/fmdelpueblo.ar\/?p=38366"},"modified":"2023-03-15T18:08:55","modified_gmt":"2023-03-15T18:08:55","slug":"estanflacion-el-fenomeno-que-acecha-a-la-economia-argentina","status":"publish","type":"post","link":"http:\/\/fmdelpueblo.ar\/?p=38366","title":{"rendered":"Estanflaci\u00f3n: el fen\u00f3meno que acecha a la econom\u00eda argentina"},"content":{"rendered":"<\/p>\n<p>Los economistas anticipan un escenario \u201cdelicado\u201d para la econom\u00eda local, que podr\u00eda derivar en una hiperinflaci\u00f3n con una din\u00e1mica que se acelera mes a mes.<br \/>\n <a href=\"https:\/\/www.perfil.com\/noticias\/economia\/estanflacion-la-definicion-que-acecha-a-la-economia-argentina.phtml\">Leer m\u00e1s<\/a><\/p>\n","protected":false},"excerpt":{"rendered":"<p>Los economistas anticipan un escenario \u201cdelicado\u201d para la econom\u00eda local, que podr\u00eda derivar en una hiperinflaci\u00f3n con una din\u00e1mica que se acelera mes a mes. Leer m\u00e1s<\/p>\n","protected":false},"author":0,"featured_media":0,"comment_status":"","ping_status":"","sticky":false,"template":"","format":"standard","meta":{"footnotes":""},"categories":[1],"tags":[],"class_list":["post-38366","post","type-post","status-publish","format-standard","hentry","category-sin-categoria"],"_links":{"self":[{"href":"http:\/\/fmdelpueblo.ar\/index.php?rest_route=\/wp\/v2\/posts\/38366","targetHints":{"allow":["GET"]}}],"collection":[{"href":"http:\/\/fmdelpueblo.ar\/index.php?rest_route=\/wp\/v2\/posts"}],"about":[{"href":"http:\/\/fmdelpueblo.ar\/index.php?rest_route=\/wp\/v2\/types\/post"}],"replies":[{"embeddable":true,"href":"http:\/\/fmdelpueblo.ar\/index.php?rest_route=%2Fwp%2Fv2%2Fcomments&post=38366"}],"version-history":[{"count":0,"href":"http:\/\/fmdelpueblo.ar\/index.php?rest_route=\/wp\/v2\/posts\/38366\/revisions"}],"wp:attachment":[{"href":"http:\/\/fmdelpueblo.ar\/index.php?rest_route=%2Fwp%2Fv2%2Fmedia&parent=38366"}],"wp:term":[{"taxonomy":"category","embeddable":true,"href":"http:\/\/fmdelpueblo.ar\/index.php?rest_route=%2Fwp%2Fv2%2Fcategories&post=38366"},{"taxonomy":"post_tag","embeddable":true,"href":"http:\/\/fmdelpueblo.ar\/index.php?rest_route=%2Fwp%2Fv2%2Ftags&post=38366"}],"curies":[{"name":"wp","href":"https:\/\/api.w.org\/{rel}","templated":true}]}}