{"id":38365,"date":"2023-03-15T18:08:55","date_gmt":"2023-03-15T18:08:55","guid":{"rendered":"https:\/\/fmdelpueblo.ar\/?p=38365"},"modified":"2023-03-15T18:08:55","modified_gmt":"2023-03-15T18:08:55","slug":"credit-suisse-le-pide-al-banco-central-suizo-que-de-senales-publicas-de-apoyo","status":"publish","type":"post","link":"http:\/\/fmdelpueblo.ar\/?p=38365","title":{"rendered":"Credit Suisse le pide al banco central suizo que de se\u00f1ales p\u00fablicas de apoyo"},"content":{"rendered":"<\/p>\n<p>La entidad busca tranquilizar a los inversionistas despu\u00e9s de que un accionista principal descartara aumentar su participaci\u00f3n este mi\u00e9rcoles 15. <a href=\"https:\/\/www.perfil.com\/noticias\/bloomberg\/bc-credit-suisse-pide-al-banco-central-suizo-que-senale-su-apoyo.phtml\">Leer m\u00e1s<\/a><\/p>\n","protected":false},"excerpt":{"rendered":"<p>La entidad busca tranquilizar a los inversionistas despu\u00e9s de que un accionista principal descartara aumentar su participaci\u00f3n este mi\u00e9rcoles 15. Leer m\u00e1s<\/p>\n","protected":false},"author":0,"featured_media":0,"comment_status":"","ping_status":"","sticky":false,"template":"","format":"standard","meta":{"footnotes":""},"categories":[1],"tags":[],"class_list":["post-38365","post","type-post","status-publish","format-standard","hentry","category-sin-categoria"],"_links":{"self":[{"href":"http:\/\/fmdelpueblo.ar\/index.php?rest_route=\/wp\/v2\/posts\/38365","targetHints":{"allow":["GET"]}}],"collection":[{"href":"http:\/\/fmdelpueblo.ar\/index.php?rest_route=\/wp\/v2\/posts"}],"about":[{"href":"http:\/\/fmdelpueblo.ar\/index.php?rest_route=\/wp\/v2\/types\/post"}],"replies":[{"embeddable":true,"href":"http:\/\/fmdelpueblo.ar\/index.php?rest_route=%2Fwp%2Fv2%2Fcomments&post=38365"}],"version-history":[{"count":0,"href":"http:\/\/fmdelpueblo.ar\/index.php?rest_route=\/wp\/v2\/posts\/38365\/revisions"}],"wp:attachment":[{"href":"http:\/\/fmdelpueblo.ar\/index.php?rest_route=%2Fwp%2Fv2%2Fmedia&parent=38365"}],"wp:term":[{"taxonomy":"category","embeddable":true,"href":"http:\/\/fmdelpueblo.ar\/index.php?rest_route=%2Fwp%2Fv2%2Fcategories&post=38365"},{"taxonomy":"post_tag","embeddable":true,"href":"http:\/\/fmdelpueblo.ar\/index.php?rest_route=%2Fwp%2Fv2%2Ftags&post=38365"}],"curies":[{"name":"wp","href":"https:\/\/api.w.org\/{rel}","templated":true}]}}