{"id":38364,"date":"2023-03-15T17:10:08","date_gmt":"2023-03-15T17:10:08","guid":{"rendered":"http:\/\/fmdelpueblo.ar\/?p=38364"},"modified":"2023-03-15T17:10:08","modified_gmt":"2023-03-15T17:10:08","slug":"para-el-ceo-blackrock-la-falla-del-svb-revela-una-fisura-en-el-sistema-financiero","status":"publish","type":"post","link":"http:\/\/fmdelpueblo.ar\/?p=38364","title":{"rendered":"Para el CEO BlackRock la falla del SVB revela una fisura en el sistema financiero"},"content":{"rendered":"<\/p>\n<p>Larry Fink, dijo que la crisis bancaria podr\u00eda empeorar m\u00e1s all\u00e1 del impacto de la falla de Silicon Valley Bank. Resalt\u00f3 que las grietas en el sistema financiero se formaron durante m\u00e1s de una d\u00e9cada de dinero f\u00e1cil y bajas tasas de inter\u00e9s. <a href=\"https:\/\/www.perfil.com\/noticias\/bloomberg\/bc-ceo-blackrock-dice-falla-svb-revela-fisura-en-sistema-financiero.phtml\">Leer m\u00e1s<\/a><\/p>\n","protected":false},"excerpt":{"rendered":"<p>Larry Fink, dijo que la crisis bancaria podr\u00eda empeorar m\u00e1s all\u00e1 del impacto de la falla de Silicon Valley Bank. Resalt\u00f3 que las grietas en el sistema financiero se formaron durante m\u00e1s de una d\u00e9cada de dinero f\u00e1cil y bajas tasas de inter\u00e9s. Leer m\u00e1s<\/p>\n","protected":false},"author":0,"featured_media":0,"comment_status":"","ping_status":"","sticky":false,"template":"","format":"standard","meta":{"footnotes":""},"categories":[1],"tags":[],"class_list":["post-38364","post","type-post","status-publish","format-standard","hentry","category-sin-categoria"],"_links":{"self":[{"href":"http:\/\/fmdelpueblo.ar\/index.php?rest_route=\/wp\/v2\/posts\/38364","targetHints":{"allow":["GET"]}}],"collection":[{"href":"http:\/\/fmdelpueblo.ar\/index.php?rest_route=\/wp\/v2\/posts"}],"about":[{"href":"http:\/\/fmdelpueblo.ar\/index.php?rest_route=\/wp\/v2\/types\/post"}],"replies":[{"embeddable":true,"href":"http:\/\/fmdelpueblo.ar\/index.php?rest_route=%2Fwp%2Fv2%2Fcomments&post=38364"}],"version-history":[{"count":0,"href":"http:\/\/fmdelpueblo.ar\/index.php?rest_route=\/wp\/v2\/posts\/38364\/revisions"}],"wp:attachment":[{"href":"http:\/\/fmdelpueblo.ar\/index.php?rest_route=%2Fwp%2Fv2%2Fmedia&parent=38364"}],"wp:term":[{"taxonomy":"category","embeddable":true,"href":"http:\/\/fmdelpueblo.ar\/index.php?rest_route=%2Fwp%2Fv2%2Fcategories&post=38364"},{"taxonomy":"post_tag","embeddable":true,"href":"http:\/\/fmdelpueblo.ar\/index.php?rest_route=%2Fwp%2Fv2%2Ftags&post=38364"}],"curies":[{"name":"wp","href":"https:\/\/api.w.org\/{rel}","templated":true}]}}