{"id":38362,"date":"2023-03-15T17:10:06","date_gmt":"2023-03-15T17:10:06","guid":{"rendered":"http:\/\/fmdelpueblo.ar\/?p=38362"},"modified":"2023-03-15T17:10:06","modified_gmt":"2023-03-15T17:10:06","slug":"filosofia-en-3-minutos-alan-turing","status":"publish","type":"post","link":"http:\/\/fmdelpueblo.ar\/?p=38362","title":{"rendered":"Filosof\u00eda en 3 minutos: Alan Turing"},"content":{"rendered":"<\/p>\n<p>Matem\u00e1tico, bi\u00f3logo y fil\u00f3sofo, se lo considera el fundador de la filosof\u00eda de la inteligencia artificial. Hoy no s\u00f3lo se admite que Turing ha sido unos de los grandes pioneros de la computaci\u00f3n sino, adem\u00e1s, que las computadoras actuales (y las pr\u00f3ximas de procesamiento cu\u00e1ntico), en esencia, responden a los dise\u00f1os matem\u00e1ticos y te\u00f3ricos que concibi\u00f3 entre 1936 y 1950.  <a href=\"https:\/\/www.perfil.com\/noticias\/cultura\/filosofia-en-3-minutos-alan-turing.phtml\">Leer m\u00e1s<\/a><\/p>\n","protected":false},"excerpt":{"rendered":"<p>Matem\u00e1tico, bi\u00f3logo y fil\u00f3sofo, se lo considera el fundador de la filosof\u00eda de la inteligencia artificial. Hoy no s\u00f3lo se admite que Turing ha sido unos de los grandes pioneros de la computaci\u00f3n sino, adem\u00e1s, que las computadoras actuales (y las pr\u00f3ximas de procesamiento cu\u00e1ntico), en esencia, responden a los dise\u00f1os matem\u00e1ticos y te\u00f3ricos que [&hellip;]<\/p>\n","protected":false},"author":0,"featured_media":0,"comment_status":"","ping_status":"","sticky":false,"template":"","format":"standard","meta":{"footnotes":""},"categories":[1],"tags":[],"class_list":["post-38362","post","type-post","status-publish","format-standard","hentry","category-sin-categoria"],"_links":{"self":[{"href":"http:\/\/fmdelpueblo.ar\/index.php?rest_route=\/wp\/v2\/posts\/38362","targetHints":{"allow":["GET"]}}],"collection":[{"href":"http:\/\/fmdelpueblo.ar\/index.php?rest_route=\/wp\/v2\/posts"}],"about":[{"href":"http:\/\/fmdelpueblo.ar\/index.php?rest_route=\/wp\/v2\/types\/post"}],"replies":[{"embeddable":true,"href":"http:\/\/fmdelpueblo.ar\/index.php?rest_route=%2Fwp%2Fv2%2Fcomments&post=38362"}],"version-history":[{"count":0,"href":"http:\/\/fmdelpueblo.ar\/index.php?rest_route=\/wp\/v2\/posts\/38362\/revisions"}],"wp:attachment":[{"href":"http:\/\/fmdelpueblo.ar\/index.php?rest_route=%2Fwp%2Fv2%2Fmedia&parent=38362"}],"wp:term":[{"taxonomy":"category","embeddable":true,"href":"http:\/\/fmdelpueblo.ar\/index.php?rest_route=%2Fwp%2Fv2%2Fcategories&post=38362"},{"taxonomy":"post_tag","embeddable":true,"href":"http:\/\/fmdelpueblo.ar\/index.php?rest_route=%2Fwp%2Fv2%2Ftags&post=38362"}],"curies":[{"name":"wp","href":"https:\/\/api.w.org\/{rel}","templated":true}]}}