{"id":38358,"date":"2023-03-15T17:10:04","date_gmt":"2023-03-15T17:10:04","guid":{"rendered":"http:\/\/fmdelpueblo.ar\/?p=38358"},"modified":"2023-03-15T17:10:04","modified_gmt":"2023-03-15T17:10:04","slug":"ariel-coremberg-se-esta-profundizando-la-fragilidad-bancaria","status":"publish","type":"post","link":"http:\/\/fmdelpueblo.ar\/?p=38358","title":{"rendered":"Ariel Coremberg: \u00abSe est\u00e1 profundizando la fragilidad bancaria\u00bb"},"content":{"rendered":"<\/p>\n<p>El economista afirm\u00f3 que \u00abhay que prohibir que el Estado financie necesidades con los bancos\u00bb. Adem\u00e1s, se\u00f1al\u00f3 que la inflaci\u00f3n surge \u00aba partir del d\u00e9ficit fiscal y la desconfianza en la moneda de los argentinos\u00bb. <a href=\"https:\/\/www.perfil.com\/noticias\/modo-fontevecchia\/ariel-coremberg-se-esta-profundizando-la-fragilidad-bancaria-modof.phtml\">Leer m\u00e1s<\/a><\/p>\n","protected":false},"excerpt":{"rendered":"<p>El economista afirm\u00f3 que \u00abhay que prohibir que el Estado financie necesidades con los bancos\u00bb. Adem\u00e1s, se\u00f1al\u00f3 que la inflaci\u00f3n surge \u00aba partir del d\u00e9ficit fiscal y la desconfianza en la moneda de los argentinos\u00bb. Leer m\u00e1s<\/p>\n","protected":false},"author":0,"featured_media":0,"comment_status":"","ping_status":"","sticky":false,"template":"","format":"standard","meta":{"footnotes":""},"categories":[1],"tags":[],"class_list":["post-38358","post","type-post","status-publish","format-standard","hentry","category-sin-categoria"],"_links":{"self":[{"href":"http:\/\/fmdelpueblo.ar\/index.php?rest_route=\/wp\/v2\/posts\/38358","targetHints":{"allow":["GET"]}}],"collection":[{"href":"http:\/\/fmdelpueblo.ar\/index.php?rest_route=\/wp\/v2\/posts"}],"about":[{"href":"http:\/\/fmdelpueblo.ar\/index.php?rest_route=\/wp\/v2\/types\/post"}],"replies":[{"embeddable":true,"href":"http:\/\/fmdelpueblo.ar\/index.php?rest_route=%2Fwp%2Fv2%2Fcomments&post=38358"}],"version-history":[{"count":0,"href":"http:\/\/fmdelpueblo.ar\/index.php?rest_route=\/wp\/v2\/posts\/38358\/revisions"}],"wp:attachment":[{"href":"http:\/\/fmdelpueblo.ar\/index.php?rest_route=%2Fwp%2Fv2%2Fmedia&parent=38358"}],"wp:term":[{"taxonomy":"category","embeddable":true,"href":"http:\/\/fmdelpueblo.ar\/index.php?rest_route=%2Fwp%2Fv2%2Fcategories&post=38358"},{"taxonomy":"post_tag","embeddable":true,"href":"http:\/\/fmdelpueblo.ar\/index.php?rest_route=%2Fwp%2Fv2%2Ftags&post=38358"}],"curies":[{"name":"wp","href":"https:\/\/api.w.org\/{rel}","templated":true}]}}