{"id":38353,"date":"2023-03-15T16:08:55","date_gmt":"2023-03-15T16:08:55","guid":{"rendered":"https:\/\/fmdelpueblo.ar\/?p=38353"},"modified":"2023-03-15T16:08:55","modified_gmt":"2023-03-15T16:08:55","slug":"las-acciones-del-banco-credit-suisse-se-desplomaron-hasta-el-nivel-mas-bajo-jamas-registrado","status":"publish","type":"post","link":"http:\/\/fmdelpueblo.ar\/?p=38353","title":{"rendered":"Las acciones del banco Credit Suisse se desplomaron hasta el nivel m\u00e1s bajo jam\u00e1s registrado"},"content":{"rendered":"<\/p>\n<p>La fuerte ca\u00edda del 29% se dio luego de que el mayor accionista de la empresa descartara aumentar su participaci\u00f3n por restricciones regulatorias. Las autoridades de la entidad aseguraron que la situaci\u00f3n es \u00abs\u00f3lida\u00bb.  <a href=\"https:\/\/www.perfil.com\/noticias\/bloomberg\/bc-credit-suisse-lucha-por-recuperar-confianza-ante-caida-acciones.phtml\">Leer m\u00e1s<\/a><\/p>\n","protected":false},"excerpt":{"rendered":"<p>La fuerte ca\u00edda del 29% se dio luego de que el mayor accionista de la empresa descartara aumentar su participaci\u00f3n por restricciones regulatorias. Las autoridades de la entidad aseguraron que la situaci\u00f3n es \u00abs\u00f3lida\u00bb. Leer m\u00e1s<\/p>\n","protected":false},"author":0,"featured_media":0,"comment_status":"","ping_status":"","sticky":false,"template":"","format":"standard","meta":{"footnotes":""},"categories":[1],"tags":[],"class_list":["post-38353","post","type-post","status-publish","format-standard","hentry","category-sin-categoria"],"_links":{"self":[{"href":"http:\/\/fmdelpueblo.ar\/index.php?rest_route=\/wp\/v2\/posts\/38353","targetHints":{"allow":["GET"]}}],"collection":[{"href":"http:\/\/fmdelpueblo.ar\/index.php?rest_route=\/wp\/v2\/posts"}],"about":[{"href":"http:\/\/fmdelpueblo.ar\/index.php?rest_route=\/wp\/v2\/types\/post"}],"replies":[{"embeddable":true,"href":"http:\/\/fmdelpueblo.ar\/index.php?rest_route=%2Fwp%2Fv2%2Fcomments&post=38353"}],"version-history":[{"count":0,"href":"http:\/\/fmdelpueblo.ar\/index.php?rest_route=\/wp\/v2\/posts\/38353\/revisions"}],"wp:attachment":[{"href":"http:\/\/fmdelpueblo.ar\/index.php?rest_route=%2Fwp%2Fv2%2Fmedia&parent=38353"}],"wp:term":[{"taxonomy":"category","embeddable":true,"href":"http:\/\/fmdelpueblo.ar\/index.php?rest_route=%2Fwp%2Fv2%2Fcategories&post=38353"},{"taxonomy":"post_tag","embeddable":true,"href":"http:\/\/fmdelpueblo.ar\/index.php?rest_route=%2Fwp%2Fv2%2Ftags&post=38353"}],"curies":[{"name":"wp","href":"https:\/\/api.w.org\/{rel}","templated":true}]}}