{"id":38350,"date":"2023-03-15T15:09:12","date_gmt":"2023-03-15T15:09:12","guid":{"rendered":"https:\/\/fmdelpueblo.ar\/?p=38350"},"modified":"2023-03-15T15:09:12","modified_gmt":"2023-03-15T15:09:12","slug":"la-agenda-politica-de-alberto-fernandez-suspendida-hasta-nuevo-aviso","status":"publish","type":"post","link":"http:\/\/fmdelpueblo.ar\/?p=38350","title":{"rendered":"La agenda pol\u00edtica de Alberto Fern\u00e1ndez, suspendida hasta nuevo aviso"},"content":{"rendered":"<\/p>\n<p>El Presidente se encuentra realizando reposo estricto en la Quinta de Olivos por recomendaci\u00f3n m\u00e9dica y ser\u00e1 intervenido este viernes. Suspendidos los viajes a Chaco y Entre R\u00edos, y la presencia en un acto de Lan\u00fas. <a href=\"https:\/\/www.perfil.com\/noticias\/modo-fontevecchia\/la-agenda-politica-de-alberto-fernandez-suspendida-hasta-nuevo-aviso-modof.phtml\">Leer m\u00e1s<\/a><\/p>\n","protected":false},"excerpt":{"rendered":"<p>El Presidente se encuentra realizando reposo estricto en la Quinta de Olivos por recomendaci\u00f3n m\u00e9dica y ser\u00e1 intervenido este viernes. Suspendidos los viajes a Chaco y Entre R\u00edos, y la presencia en un acto de Lan\u00fas. Leer m\u00e1s<\/p>\n","protected":false},"author":0,"featured_media":0,"comment_status":"","ping_status":"","sticky":false,"template":"","format":"standard","meta":{"footnotes":""},"categories":[1],"tags":[],"class_list":["post-38350","post","type-post","status-publish","format-standard","hentry","category-sin-categoria"],"_links":{"self":[{"href":"http:\/\/fmdelpueblo.ar\/index.php?rest_route=\/wp\/v2\/posts\/38350","targetHints":{"allow":["GET"]}}],"collection":[{"href":"http:\/\/fmdelpueblo.ar\/index.php?rest_route=\/wp\/v2\/posts"}],"about":[{"href":"http:\/\/fmdelpueblo.ar\/index.php?rest_route=\/wp\/v2\/types\/post"}],"replies":[{"embeddable":true,"href":"http:\/\/fmdelpueblo.ar\/index.php?rest_route=%2Fwp%2Fv2%2Fcomments&post=38350"}],"version-history":[{"count":0,"href":"http:\/\/fmdelpueblo.ar\/index.php?rest_route=\/wp\/v2\/posts\/38350\/revisions"}],"wp:attachment":[{"href":"http:\/\/fmdelpueblo.ar\/index.php?rest_route=%2Fwp%2Fv2%2Fmedia&parent=38350"}],"wp:term":[{"taxonomy":"category","embeddable":true,"href":"http:\/\/fmdelpueblo.ar\/index.php?rest_route=%2Fwp%2Fv2%2Fcategories&post=38350"},{"taxonomy":"post_tag","embeddable":true,"href":"http:\/\/fmdelpueblo.ar\/index.php?rest_route=%2Fwp%2Fv2%2Ftags&post=38350"}],"curies":[{"name":"wp","href":"https:\/\/api.w.org\/{rel}","templated":true}]}}