{"id":38348,"date":"2023-03-15T15:09:11","date_gmt":"2023-03-15T15:09:11","guid":{"rendered":"https:\/\/fmdelpueblo.ar\/?p=38348"},"modified":"2023-03-15T15:09:11","modified_gmt":"2023-03-15T15:09:11","slug":"el-sector-manufacturero-de-nueva-york-se-contrae-por-cuarto-mes","status":"publish","type":"post","link":"http:\/\/fmdelpueblo.ar\/?p=38348","title":{"rendered":"El sector manufacturero de Nueva York se contrae por cuarto mes"},"content":{"rendered":"<\/p>\n<p>La actividad manufacturera del Estado de Nueva York se deterior\u00f3 en marzo m\u00e1s de lo previsto y se contrajo por cuarto mes consecutivo a medida que disminuyeron los pedidos y los env\u00edos. <a href=\"https:\/\/www.perfil.com\/noticias\/bloomberg\/bc-sector-manufacturero-de-nueva-york-se-contrae-por-cuarto-mes.phtml\">Leer m\u00e1s<\/a><\/p>\n","protected":false},"excerpt":{"rendered":"<p>La actividad manufacturera del Estado de Nueva York se deterior\u00f3 en marzo m\u00e1s de lo previsto y se contrajo por cuarto mes consecutivo a medida que disminuyeron los pedidos y los env\u00edos. Leer m\u00e1s<\/p>\n","protected":false},"author":0,"featured_media":0,"comment_status":"","ping_status":"","sticky":false,"template":"","format":"standard","meta":{"footnotes":""},"categories":[1],"tags":[],"class_list":["post-38348","post","type-post","status-publish","format-standard","hentry","category-sin-categoria"],"_links":{"self":[{"href":"http:\/\/fmdelpueblo.ar\/index.php?rest_route=\/wp\/v2\/posts\/38348","targetHints":{"allow":["GET"]}}],"collection":[{"href":"http:\/\/fmdelpueblo.ar\/index.php?rest_route=\/wp\/v2\/posts"}],"about":[{"href":"http:\/\/fmdelpueblo.ar\/index.php?rest_route=\/wp\/v2\/types\/post"}],"replies":[{"embeddable":true,"href":"http:\/\/fmdelpueblo.ar\/index.php?rest_route=%2Fwp%2Fv2%2Fcomments&post=38348"}],"version-history":[{"count":0,"href":"http:\/\/fmdelpueblo.ar\/index.php?rest_route=\/wp\/v2\/posts\/38348\/revisions"}],"wp:attachment":[{"href":"http:\/\/fmdelpueblo.ar\/index.php?rest_route=%2Fwp%2Fv2%2Fmedia&parent=38348"}],"wp:term":[{"taxonomy":"category","embeddable":true,"href":"http:\/\/fmdelpueblo.ar\/index.php?rest_route=%2Fwp%2Fv2%2Fcategories&post=38348"},{"taxonomy":"post_tag","embeddable":true,"href":"http:\/\/fmdelpueblo.ar\/index.php?rest_route=%2Fwp%2Fv2%2Ftags&post=38348"}],"curies":[{"name":"wp","href":"https:\/\/api.w.org\/{rel}","templated":true}]}}