{"id":38346,"date":"2023-03-15T15:09:10","date_gmt":"2023-03-15T15:09:10","guid":{"rendered":"https:\/\/fmdelpueblo.ar\/?p=38346"},"modified":"2023-03-15T15:09:10","modified_gmt":"2023-03-15T15:09:10","slug":"el-crudo-brent-cae-por-debajo-de-los-us75-por-barril-por-primera-vez-desde-2021","status":"publish","type":"post","link":"http:\/\/fmdelpueblo.ar\/?p=38346","title":{"rendered":"El crudo Brent cae por debajo de los US$75 por barril por primera vez desde 2021"},"content":{"rendered":"<\/p>\n<p>El crudo Brent cay\u00f3 por debajo de los US$75 el barril por primera vez desde finales de 2021 dado que la agitaci\u00f3n en Credit Suisse Group AG repercute en los mercados de la energ\u00eda. <a href=\"https:\/\/www.perfil.com\/noticias\/bloomberg\/bc-brent-cae-por-debajo-us75-por-barril-por-primera-vez-desde-2021.phtml\">Leer m\u00e1s<\/a><\/p>\n","protected":false},"excerpt":{"rendered":"<p>El crudo Brent cay\u00f3 por debajo de los US$75 el barril por primera vez desde finales de 2021 dado que la agitaci\u00f3n en Credit Suisse Group AG repercute en los mercados de la energ\u00eda. Leer m\u00e1s<\/p>\n","protected":false},"author":0,"featured_media":0,"comment_status":"","ping_status":"","sticky":false,"template":"","format":"standard","meta":{"footnotes":""},"categories":[1],"tags":[],"class_list":["post-38346","post","type-post","status-publish","format-standard","hentry","category-sin-categoria"],"_links":{"self":[{"href":"http:\/\/fmdelpueblo.ar\/index.php?rest_route=\/wp\/v2\/posts\/38346","targetHints":{"allow":["GET"]}}],"collection":[{"href":"http:\/\/fmdelpueblo.ar\/index.php?rest_route=\/wp\/v2\/posts"}],"about":[{"href":"http:\/\/fmdelpueblo.ar\/index.php?rest_route=\/wp\/v2\/types\/post"}],"replies":[{"embeddable":true,"href":"http:\/\/fmdelpueblo.ar\/index.php?rest_route=%2Fwp%2Fv2%2Fcomments&post=38346"}],"version-history":[{"count":0,"href":"http:\/\/fmdelpueblo.ar\/index.php?rest_route=\/wp\/v2\/posts\/38346\/revisions"}],"wp:attachment":[{"href":"http:\/\/fmdelpueblo.ar\/index.php?rest_route=%2Fwp%2Fv2%2Fmedia&parent=38346"}],"wp:term":[{"taxonomy":"category","embeddable":true,"href":"http:\/\/fmdelpueblo.ar\/index.php?rest_route=%2Fwp%2Fv2%2Fcategories&post=38346"},{"taxonomy":"post_tag","embeddable":true,"href":"http:\/\/fmdelpueblo.ar\/index.php?rest_route=%2Fwp%2Fv2%2Ftags&post=38346"}],"curies":[{"name":"wp","href":"https:\/\/api.w.org\/{rel}","templated":true}]}}