{"id":38345,"date":"2023-03-15T15:09:09","date_gmt":"2023-03-15T15:09:09","guid":{"rendered":"https:\/\/fmdelpueblo.ar\/?p=38345"},"modified":"2023-03-15T15:09:09","modified_gmt":"2023-03-15T15:09:09","slug":"cecilia-moreau-sin-piedad-contra-martin-guzman-me-da-verguenza-haberlo-tenido-como-ministro","status":"publish","type":"post","link":"http:\/\/fmdelpueblo.ar\/?p=38345","title":{"rendered":"Cecilia Moreau, sin piedad contra Mart\u00edn Guzm\u00e1n: \u00abMe da verg\u00fcenza haberlo tenido como ministro\u00bb"},"content":{"rendered":"<\/p>\n<p>Frente al aumento de la inflaci\u00f3n, la presidenta de la C\u00e1mara de Diputados responsabiliz\u00f3 al exministro de Econom\u00eda. \u00abNos hizo un gran da\u00f1o\u00bb, asegur\u00f3. <a href=\"https:\/\/www.perfil.com\/noticias\/politica\/cecilia-moreau-sin-piedad-contra-martin-guzman-me-da-verguenza-haberlo-tenido-como-ministro.phtml\">Leer m\u00e1s<\/a><\/p>\n","protected":false},"excerpt":{"rendered":"<p>Frente al aumento de la inflaci\u00f3n, la presidenta de la C\u00e1mara de Diputados responsabiliz\u00f3 al exministro de Econom\u00eda. \u00abNos hizo un gran da\u00f1o\u00bb, asegur\u00f3. Leer m\u00e1s<\/p>\n","protected":false},"author":0,"featured_media":0,"comment_status":"","ping_status":"","sticky":false,"template":"","format":"standard","meta":{"footnotes":""},"categories":[1],"tags":[],"class_list":["post-38345","post","type-post","status-publish","format-standard","hentry","category-sin-categoria"],"_links":{"self":[{"href":"http:\/\/fmdelpueblo.ar\/index.php?rest_route=\/wp\/v2\/posts\/38345","targetHints":{"allow":["GET"]}}],"collection":[{"href":"http:\/\/fmdelpueblo.ar\/index.php?rest_route=\/wp\/v2\/posts"}],"about":[{"href":"http:\/\/fmdelpueblo.ar\/index.php?rest_route=\/wp\/v2\/types\/post"}],"replies":[{"embeddable":true,"href":"http:\/\/fmdelpueblo.ar\/index.php?rest_route=%2Fwp%2Fv2%2Fcomments&post=38345"}],"version-history":[{"count":0,"href":"http:\/\/fmdelpueblo.ar\/index.php?rest_route=\/wp\/v2\/posts\/38345\/revisions"}],"wp:attachment":[{"href":"http:\/\/fmdelpueblo.ar\/index.php?rest_route=%2Fwp%2Fv2%2Fmedia&parent=38345"}],"wp:term":[{"taxonomy":"category","embeddable":true,"href":"http:\/\/fmdelpueblo.ar\/index.php?rest_route=%2Fwp%2Fv2%2Fcategories&post=38345"},{"taxonomy":"post_tag","embeddable":true,"href":"http:\/\/fmdelpueblo.ar\/index.php?rest_route=%2Fwp%2Fv2%2Ftags&post=38345"}],"curies":[{"name":"wp","href":"https:\/\/api.w.org\/{rel}","templated":true}]}}