{"id":38342,"date":"2023-03-15T14:11:05","date_gmt":"2023-03-15T14:11:05","guid":{"rendered":"https:\/\/fmdelpueblo.ar\/?p=38342"},"modified":"2023-03-15T14:11:05","modified_gmt":"2023-03-15T14:11:05","slug":"jubilados-cual-es-el-banco-privado-que-deja-de-exigir-la-fe-de-vida","status":"publish","type":"post","link":"http:\/\/fmdelpueblo.ar\/?p=38342","title":{"rendered":"Jubilados: \u00bfcu\u00e1l es el banco privado que deja de exigir la fe de vida?"},"content":{"rendered":"<\/p>\n<p>La medida est\u00e1 operativa a partir de este mi\u00e9rcoles 15 de marzo y se estima que unos 190 mil jubilados y pensionados ser\u00e1n alcanzados con el beneficio.  <a href=\"https:\/\/www.perfil.com\/noticias\/economia\/jubilados-cual-es-el-nuevo-banco-privado-que-deja-de-exigir-la-fe-de-vida.phtml\">Leer m\u00e1s<\/a><\/p>\n","protected":false},"excerpt":{"rendered":"<p>La medida est\u00e1 operativa a partir de este mi\u00e9rcoles 15 de marzo y se estima que unos 190 mil jubilados y pensionados ser\u00e1n alcanzados con el beneficio. Leer m\u00e1s<\/p>\n","protected":false},"author":0,"featured_media":0,"comment_status":"","ping_status":"","sticky":false,"template":"","format":"standard","meta":{"footnotes":""},"categories":[1],"tags":[],"class_list":["post-38342","post","type-post","status-publish","format-standard","hentry","category-sin-categoria"],"_links":{"self":[{"href":"http:\/\/fmdelpueblo.ar\/index.php?rest_route=\/wp\/v2\/posts\/38342","targetHints":{"allow":["GET"]}}],"collection":[{"href":"http:\/\/fmdelpueblo.ar\/index.php?rest_route=\/wp\/v2\/posts"}],"about":[{"href":"http:\/\/fmdelpueblo.ar\/index.php?rest_route=\/wp\/v2\/types\/post"}],"replies":[{"embeddable":true,"href":"http:\/\/fmdelpueblo.ar\/index.php?rest_route=%2Fwp%2Fv2%2Fcomments&post=38342"}],"version-history":[{"count":0,"href":"http:\/\/fmdelpueblo.ar\/index.php?rest_route=\/wp\/v2\/posts\/38342\/revisions"}],"wp:attachment":[{"href":"http:\/\/fmdelpueblo.ar\/index.php?rest_route=%2Fwp%2Fv2%2Fmedia&parent=38342"}],"wp:term":[{"taxonomy":"category","embeddable":true,"href":"http:\/\/fmdelpueblo.ar\/index.php?rest_route=%2Fwp%2Fv2%2Fcategories&post=38342"},{"taxonomy":"post_tag","embeddable":true,"href":"http:\/\/fmdelpueblo.ar\/index.php?rest_route=%2Fwp%2Fv2%2Ftags&post=38342"}],"curies":[{"name":"wp","href":"https:\/\/api.w.org\/{rel}","templated":true}]}}