{"id":38340,"date":"2023-03-15T13:09:08","date_gmt":"2023-03-15T13:09:08","guid":{"rendered":"http:\/\/fmdelpueblo.ar\/?p=38340"},"modified":"2023-03-15T13:09:08","modified_gmt":"2023-03-15T13:09:08","slug":"vtv-en-caba-cuales-son-los-cambios-claves-si-se-aprueba-el-proyecto-de-ley","status":"publish","type":"post","link":"http:\/\/fmdelpueblo.ar\/?p=38340","title":{"rendered":"VTV en Caba: cu\u00e1les son los cambios claves si se aprueba el proyecto de ley"},"content":{"rendered":"<\/p>\n<p>El jefe de gobierno porte\u00f1o, Horacio Rodr\u00edguez Larreta, envi\u00f3 a la Legislatura porte\u00f1a la propuesta que busca implementar un a\u00f1o m\u00e1s de exenci\u00f3n del tr\u00e1mite para autos nuevos, adem\u00e1s de extenderse la\u00a0vigencia de la revisi\u00f3n en autos semi-nuevos. <a href=\"https:\/\/www.perfil.com\/noticias\/reperfilar\/vtv-en-caba-cuales-son-los-cambios-claves-si-se-aprueba-el-proyecto-de-ley.phtml\">Leer m\u00e1s<\/a><\/p>\n","protected":false},"excerpt":{"rendered":"<p>El jefe de gobierno porte\u00f1o, Horacio Rodr\u00edguez Larreta, envi\u00f3 a la Legislatura porte\u00f1a la propuesta que busca implementar un a\u00f1o m\u00e1s de exenci\u00f3n del tr\u00e1mite para autos nuevos, adem\u00e1s de extenderse la\u00a0vigencia de la revisi\u00f3n en autos semi-nuevos. Leer m\u00e1s<\/p>\n","protected":false},"author":0,"featured_media":0,"comment_status":"","ping_status":"","sticky":false,"template":"","format":"standard","meta":{"footnotes":""},"categories":[1],"tags":[],"class_list":["post-38340","post","type-post","status-publish","format-standard","hentry","category-sin-categoria"],"_links":{"self":[{"href":"http:\/\/fmdelpueblo.ar\/index.php?rest_route=\/wp\/v2\/posts\/38340","targetHints":{"allow":["GET"]}}],"collection":[{"href":"http:\/\/fmdelpueblo.ar\/index.php?rest_route=\/wp\/v2\/posts"}],"about":[{"href":"http:\/\/fmdelpueblo.ar\/index.php?rest_route=\/wp\/v2\/types\/post"}],"replies":[{"embeddable":true,"href":"http:\/\/fmdelpueblo.ar\/index.php?rest_route=%2Fwp%2Fv2%2Fcomments&post=38340"}],"version-history":[{"count":0,"href":"http:\/\/fmdelpueblo.ar\/index.php?rest_route=\/wp\/v2\/posts\/38340\/revisions"}],"wp:attachment":[{"href":"http:\/\/fmdelpueblo.ar\/index.php?rest_route=%2Fwp%2Fv2%2Fmedia&parent=38340"}],"wp:term":[{"taxonomy":"category","embeddable":true,"href":"http:\/\/fmdelpueblo.ar\/index.php?rest_route=%2Fwp%2Fv2%2Fcategories&post=38340"},{"taxonomy":"post_tag","embeddable":true,"href":"http:\/\/fmdelpueblo.ar\/index.php?rest_route=%2Fwp%2Fv2%2Ftags&post=38340"}],"curies":[{"name":"wp","href":"https:\/\/api.w.org\/{rel}","templated":true}]}}