{"id":38339,"date":"2023-03-15T13:09:07","date_gmt":"2023-03-15T13:09:07","guid":{"rendered":"http:\/\/fmdelpueblo.ar\/?p=38339"},"modified":"2023-03-15T13:09:07","modified_gmt":"2023-03-15T13:09:07","slug":"en-90-dias-el-enre-evaluara-si-le-quita-la-concesion-a-edesur","status":"publish","type":"post","link":"http:\/\/fmdelpueblo.ar\/?p=38339","title":{"rendered":"En 90 d\u00edas el ENRE evaluar\u00e1 si le quita la concesi\u00f3n a EDESUR"},"content":{"rendered":"<\/p>\n<p>Desde el organismo enviar\u00e1n un informe t\u00e9cnico al Congreso para analizar el desempe\u00f1o y el grado de cumplimiento de la obligaciones contenidas en el contrato establecido con la empresa. <a href=\"https:\/\/www.perfil.com\/noticias\/actualidad\/en-90-dias-el-enre-evaluara-si-le-quita-la-concesion-a-edesur.phtml\">Leer m\u00e1s<\/a><\/p>\n","protected":false},"excerpt":{"rendered":"<p>Desde el organismo enviar\u00e1n un informe t\u00e9cnico al Congreso para analizar el desempe\u00f1o y el grado de cumplimiento de la obligaciones contenidas en el contrato establecido con la empresa. Leer m\u00e1s<\/p>\n","protected":false},"author":0,"featured_media":0,"comment_status":"","ping_status":"","sticky":false,"template":"","format":"standard","meta":{"footnotes":""},"categories":[1],"tags":[],"class_list":["post-38339","post","type-post","status-publish","format-standard","hentry","category-sin-categoria"],"_links":{"self":[{"href":"http:\/\/fmdelpueblo.ar\/index.php?rest_route=\/wp\/v2\/posts\/38339","targetHints":{"allow":["GET"]}}],"collection":[{"href":"http:\/\/fmdelpueblo.ar\/index.php?rest_route=\/wp\/v2\/posts"}],"about":[{"href":"http:\/\/fmdelpueblo.ar\/index.php?rest_route=\/wp\/v2\/types\/post"}],"replies":[{"embeddable":true,"href":"http:\/\/fmdelpueblo.ar\/index.php?rest_route=%2Fwp%2Fv2%2Fcomments&post=38339"}],"version-history":[{"count":0,"href":"http:\/\/fmdelpueblo.ar\/index.php?rest_route=\/wp\/v2\/posts\/38339\/revisions"}],"wp:attachment":[{"href":"http:\/\/fmdelpueblo.ar\/index.php?rest_route=%2Fwp%2Fv2%2Fmedia&parent=38339"}],"wp:term":[{"taxonomy":"category","embeddable":true,"href":"http:\/\/fmdelpueblo.ar\/index.php?rest_route=%2Fwp%2Fv2%2Fcategories&post=38339"},{"taxonomy":"post_tag","embeddable":true,"href":"http:\/\/fmdelpueblo.ar\/index.php?rest_route=%2Fwp%2Fv2%2Ftags&post=38339"}],"curies":[{"name":"wp","href":"https:\/\/api.w.org\/{rel}","templated":true}]}}