{"id":38337,"date":"2023-03-15T13:09:06","date_gmt":"2023-03-15T13:09:06","guid":{"rendered":"http:\/\/fmdelpueblo.ar\/?p=38337"},"modified":"2023-03-15T13:09:06","modified_gmt":"2023-03-15T13:09:06","slug":"que-dijeron-las-autoridades-rusas-y-estadounidenses-tras-el-derribo-de-un-dron","status":"publish","type":"post","link":"http:\/\/fmdelpueblo.ar\/?p=38337","title":{"rendered":"Qu\u00e9 dijeron las autoridades rusas y estadounidenses tras el derribo de un dron"},"content":{"rendered":"<\/p>\n<p>Un avi\u00f3n de combate\u00a0ruso descarg\u00f3 combustible sobre un\u00a0dron estadounidense en el mar Negro,y luego choc\u00f3 contra \u00e9l. <a href=\"https:\/\/www.perfil.com\/noticias\/reperfilar\/crece-la-tension-entre-rusia-y-estados-unidos-tras-el-derribo-de-un-dron.phtml\">Leer m\u00e1s<\/a><\/p>\n","protected":false},"excerpt":{"rendered":"<p>Un avi\u00f3n de combate\u00a0ruso descarg\u00f3 combustible sobre un\u00a0dron estadounidense en el mar Negro,y luego choc\u00f3 contra \u00e9l. Leer m\u00e1s<\/p>\n","protected":false},"author":0,"featured_media":0,"comment_status":"","ping_status":"","sticky":false,"template":"","format":"standard","meta":{"footnotes":""},"categories":[1],"tags":[],"class_list":["post-38337","post","type-post","status-publish","format-standard","hentry","category-sin-categoria"],"_links":{"self":[{"href":"http:\/\/fmdelpueblo.ar\/index.php?rest_route=\/wp\/v2\/posts\/38337","targetHints":{"allow":["GET"]}}],"collection":[{"href":"http:\/\/fmdelpueblo.ar\/index.php?rest_route=\/wp\/v2\/posts"}],"about":[{"href":"http:\/\/fmdelpueblo.ar\/index.php?rest_route=\/wp\/v2\/types\/post"}],"replies":[{"embeddable":true,"href":"http:\/\/fmdelpueblo.ar\/index.php?rest_route=%2Fwp%2Fv2%2Fcomments&post=38337"}],"version-history":[{"count":0,"href":"http:\/\/fmdelpueblo.ar\/index.php?rest_route=\/wp\/v2\/posts\/38337\/revisions"}],"wp:attachment":[{"href":"http:\/\/fmdelpueblo.ar\/index.php?rest_route=%2Fwp%2Fv2%2Fmedia&parent=38337"}],"wp:term":[{"taxonomy":"category","embeddable":true,"href":"http:\/\/fmdelpueblo.ar\/index.php?rest_route=%2Fwp%2Fv2%2Fcategories&post=38337"},{"taxonomy":"post_tag","embeddable":true,"href":"http:\/\/fmdelpueblo.ar\/index.php?rest_route=%2Fwp%2Fv2%2Ftags&post=38337"}],"curies":[{"name":"wp","href":"https:\/\/api.w.org\/{rel}","templated":true}]}}