{"id":38336,"date":"2023-03-15T13:09:05","date_gmt":"2023-03-15T13:09:05","guid":{"rendered":"http:\/\/fmdelpueblo.ar\/?p=38336"},"modified":"2023-03-15T13:09:05","modified_gmt":"2023-03-15T13:09:05","slug":"comienzan-a-levantar-el-acampe-piquetero-en-la-avenida-9-de-julio","status":"publish","type":"post","link":"http:\/\/fmdelpueblo.ar\/?p=38336","title":{"rendered":"Comienzan a levantar el acampe piquetero en la Avenida 9 de Julio"},"content":{"rendered":"<\/p>\n<p>Las organizaciones nucleadas en Unidad Piquetera terminar\u00e1n el corte en el microcentro porte\u00f1o. Se movilizan a la Casa de Mendoza para protestar por tres detenidos. <a href=\"https:\/\/www.perfil.com\/noticias\/actualidad\/comienzan-a-levantar-el-acampe-piquetero-en-la-avenida-9-de-julio.phtml\">Leer m\u00e1s<\/a><\/p>\n","protected":false},"excerpt":{"rendered":"<p>Las organizaciones nucleadas en Unidad Piquetera terminar\u00e1n el corte en el microcentro porte\u00f1o. Se movilizan a la Casa de Mendoza para protestar por tres detenidos. Leer m\u00e1s<\/p>\n","protected":false},"author":0,"featured_media":0,"comment_status":"","ping_status":"","sticky":false,"template":"","format":"standard","meta":{"footnotes":""},"categories":[1],"tags":[],"class_list":["post-38336","post","type-post","status-publish","format-standard","hentry","category-sin-categoria"],"_links":{"self":[{"href":"http:\/\/fmdelpueblo.ar\/index.php?rest_route=\/wp\/v2\/posts\/38336","targetHints":{"allow":["GET"]}}],"collection":[{"href":"http:\/\/fmdelpueblo.ar\/index.php?rest_route=\/wp\/v2\/posts"}],"about":[{"href":"http:\/\/fmdelpueblo.ar\/index.php?rest_route=\/wp\/v2\/types\/post"}],"replies":[{"embeddable":true,"href":"http:\/\/fmdelpueblo.ar\/index.php?rest_route=%2Fwp%2Fv2%2Fcomments&post=38336"}],"version-history":[{"count":0,"href":"http:\/\/fmdelpueblo.ar\/index.php?rest_route=\/wp\/v2\/posts\/38336\/revisions"}],"wp:attachment":[{"href":"http:\/\/fmdelpueblo.ar\/index.php?rest_route=%2Fwp%2Fv2%2Fmedia&parent=38336"}],"wp:term":[{"taxonomy":"category","embeddable":true,"href":"http:\/\/fmdelpueblo.ar\/index.php?rest_route=%2Fwp%2Fv2%2Fcategories&post=38336"},{"taxonomy":"post_tag","embeddable":true,"href":"http:\/\/fmdelpueblo.ar\/index.php?rest_route=%2Fwp%2Fv2%2Ftags&post=38336"}],"curies":[{"name":"wp","href":"https:\/\/api.w.org\/{rel}","templated":true}]}}