{"id":38335,"date":"2023-03-15T13:09:04","date_gmt":"2023-03-15T13:09:04","guid":{"rendered":"http:\/\/fmdelpueblo.ar\/?p=38335"},"modified":"2023-03-15T13:09:04","modified_gmt":"2023-03-15T13:09:04","slug":"vuelven-a-caer-con-fuerza-las-bolsas-europeas-por-los-temores-en-el-sector-bancario","status":"publish","type":"post","link":"http:\/\/fmdelpueblo.ar\/?p=38335","title":{"rendered":"Vuelven a caer con fuerza las bolsas europeas por los temores en el sector bancario"},"content":{"rendered":"<\/p>\n<p>Las bolsas de Mil\u00e1n, Par\u00eds, Madrid y Francfort ca\u00edan con fuerza esta ma\u00f1ana. Las acciones m\u00e1s castigadas son las del Credit Suisse, con bajas de hasta el 20% en la bolsa suiza.  <a href=\"https:\/\/www.perfil.com\/noticias\/economia\/caen-con-fuerza-las-bolsas-europeas-por-los-temores-en-el-sector-bancario.phtml\">Leer m\u00e1s<\/a><\/p>\n","protected":false},"excerpt":{"rendered":"<p>Las bolsas de Mil\u00e1n, Par\u00eds, Madrid y Francfort ca\u00edan con fuerza esta ma\u00f1ana. Las acciones m\u00e1s castigadas son las del Credit Suisse, con bajas de hasta el 20% en la bolsa suiza. Leer m\u00e1s<\/p>\n","protected":false},"author":0,"featured_media":0,"comment_status":"","ping_status":"","sticky":false,"template":"","format":"standard","meta":{"footnotes":""},"categories":[1],"tags":[],"class_list":["post-38335","post","type-post","status-publish","format-standard","hentry","category-sin-categoria"],"_links":{"self":[{"href":"http:\/\/fmdelpueblo.ar\/index.php?rest_route=\/wp\/v2\/posts\/38335","targetHints":{"allow":["GET"]}}],"collection":[{"href":"http:\/\/fmdelpueblo.ar\/index.php?rest_route=\/wp\/v2\/posts"}],"about":[{"href":"http:\/\/fmdelpueblo.ar\/index.php?rest_route=\/wp\/v2\/types\/post"}],"replies":[{"embeddable":true,"href":"http:\/\/fmdelpueblo.ar\/index.php?rest_route=%2Fwp%2Fv2%2Fcomments&post=38335"}],"version-history":[{"count":0,"href":"http:\/\/fmdelpueblo.ar\/index.php?rest_route=\/wp\/v2\/posts\/38335\/revisions"}],"wp:attachment":[{"href":"http:\/\/fmdelpueblo.ar\/index.php?rest_route=%2Fwp%2Fv2%2Fmedia&parent=38335"}],"wp:term":[{"taxonomy":"category","embeddable":true,"href":"http:\/\/fmdelpueblo.ar\/index.php?rest_route=%2Fwp%2Fv2%2Fcategories&post=38335"},{"taxonomy":"post_tag","embeddable":true,"href":"http:\/\/fmdelpueblo.ar\/index.php?rest_route=%2Fwp%2Fv2%2Ftags&post=38335"}],"curies":[{"name":"wp","href":"https:\/\/api.w.org\/{rel}","templated":true}]}}