{"id":38334,"date":"2023-03-15T13:09:03","date_gmt":"2023-03-15T13:09:03","guid":{"rendered":"http:\/\/fmdelpueblo.ar\/?p=38334"},"modified":"2023-03-15T13:09:03","modified_gmt":"2023-03-15T13:09:03","slug":"hace-un-ano-alberto-fernandez-le-declaro-la-guerra-a-la-inflacion-perdio-102-a-0","status":"publish","type":"post","link":"http:\/\/fmdelpueblo.ar\/?p=38334","title":{"rendered":"Hace un a\u00f1o, Alberto Fern\u00e1ndez le declar\u00f3 la guerra a la inflaci\u00f3n: perdi\u00f3 102 a 0"},"content":{"rendered":"<\/p>\n<p>La inflaci\u00f3n del mes anterior al anuncio del Presidente hab\u00eda sido de 4,7%. Un a\u00f1o despu\u00e9s, la de febrero de 2023 fue de 6,6% y alcanz\u00f3 un interanual de 102,5%. Un repaso a la crisis. <a href=\"https:\/\/www.perfil.com\/noticias\/actualidad\/hace-un-ano-alberto-fernandez-le-declaro-la-guerra-a-la-inflacion-y-perdio.phtml\">Leer m\u00e1s<\/a><\/p>\n","protected":false},"excerpt":{"rendered":"<p>La inflaci\u00f3n del mes anterior al anuncio del Presidente hab\u00eda sido de 4,7%. Un a\u00f1o despu\u00e9s, la de febrero de 2023 fue de 6,6% y alcanz\u00f3 un interanual de 102,5%. Un repaso a la crisis. Leer m\u00e1s<\/p>\n","protected":false},"author":0,"featured_media":0,"comment_status":"","ping_status":"","sticky":false,"template":"","format":"standard","meta":{"footnotes":""},"categories":[1],"tags":[],"class_list":["post-38334","post","type-post","status-publish","format-standard","hentry","category-sin-categoria"],"_links":{"self":[{"href":"http:\/\/fmdelpueblo.ar\/index.php?rest_route=\/wp\/v2\/posts\/38334","targetHints":{"allow":["GET"]}}],"collection":[{"href":"http:\/\/fmdelpueblo.ar\/index.php?rest_route=\/wp\/v2\/posts"}],"about":[{"href":"http:\/\/fmdelpueblo.ar\/index.php?rest_route=\/wp\/v2\/types\/post"}],"replies":[{"embeddable":true,"href":"http:\/\/fmdelpueblo.ar\/index.php?rest_route=%2Fwp%2Fv2%2Fcomments&post=38334"}],"version-history":[{"count":0,"href":"http:\/\/fmdelpueblo.ar\/index.php?rest_route=\/wp\/v2\/posts\/38334\/revisions"}],"wp:attachment":[{"href":"http:\/\/fmdelpueblo.ar\/index.php?rest_route=%2Fwp%2Fv2%2Fmedia&parent=38334"}],"wp:term":[{"taxonomy":"category","embeddable":true,"href":"http:\/\/fmdelpueblo.ar\/index.php?rest_route=%2Fwp%2Fv2%2Fcategories&post=38334"},{"taxonomy":"post_tag","embeddable":true,"href":"http:\/\/fmdelpueblo.ar\/index.php?rest_route=%2Fwp%2Fv2%2Ftags&post=38334"}],"curies":[{"name":"wp","href":"https:\/\/api.w.org\/{rel}","templated":true}]}}