{"id":38333,"date":"2023-03-15T12:09:53","date_gmt":"2023-03-15T12:09:53","guid":{"rendered":"https:\/\/fmdelpueblo.ar\/?p=38333"},"modified":"2023-03-15T12:09:53","modified_gmt":"2023-03-15T12:09:53","slug":"ricardo-bussi-el-candidato-a-gobernador-de-milei-hace-campana-a-los-tiros","status":"publish","type":"post","link":"http:\/\/fmdelpueblo.ar\/?p=38333","title":{"rendered":"Ricardo Bussi, el candidato a gobernador de Milei, hace campa\u00f1a \u00aba los tiros\u00bb"},"content":{"rendered":"<\/p>\n<p>El hijo del represor Antonio Bussi y hombre de Milei en Tucum\u00e1n se film\u00f3 disparando una pistola y defendi\u00f3 la libre portaci\u00f3n de armas de cara a las elecciones provinciales del pr\u00f3ximo 14 de mayo. <a href=\"https:\/\/www.perfil.com\/noticias\/politica\/ricardo-bussi-el-candidato-a-gobernador-de-milei-hace-campana-a-los-tiros.phtml\">Leer m\u00e1s<\/a><\/p>\n","protected":false},"excerpt":{"rendered":"<p>El hijo del represor Antonio Bussi y hombre de Milei en Tucum\u00e1n se film\u00f3 disparando una pistola y defendi\u00f3 la libre portaci\u00f3n de armas de cara a las elecciones provinciales del pr\u00f3ximo 14 de mayo. Leer m\u00e1s<\/p>\n","protected":false},"author":0,"featured_media":0,"comment_status":"","ping_status":"","sticky":false,"template":"","format":"standard","meta":{"footnotes":""},"categories":[1],"tags":[],"class_list":["post-38333","post","type-post","status-publish","format-standard","hentry","category-sin-categoria"],"_links":{"self":[{"href":"http:\/\/fmdelpueblo.ar\/index.php?rest_route=\/wp\/v2\/posts\/38333","targetHints":{"allow":["GET"]}}],"collection":[{"href":"http:\/\/fmdelpueblo.ar\/index.php?rest_route=\/wp\/v2\/posts"}],"about":[{"href":"http:\/\/fmdelpueblo.ar\/index.php?rest_route=\/wp\/v2\/types\/post"}],"replies":[{"embeddable":true,"href":"http:\/\/fmdelpueblo.ar\/index.php?rest_route=%2Fwp%2Fv2%2Fcomments&post=38333"}],"version-history":[{"count":0,"href":"http:\/\/fmdelpueblo.ar\/index.php?rest_route=\/wp\/v2\/posts\/38333\/revisions"}],"wp:attachment":[{"href":"http:\/\/fmdelpueblo.ar\/index.php?rest_route=%2Fwp%2Fv2%2Fmedia&parent=38333"}],"wp:term":[{"taxonomy":"category","embeddable":true,"href":"http:\/\/fmdelpueblo.ar\/index.php?rest_route=%2Fwp%2Fv2%2Fcategories&post=38333"},{"taxonomy":"post_tag","embeddable":true,"href":"http:\/\/fmdelpueblo.ar\/index.php?rest_route=%2Fwp%2Fv2%2Ftags&post=38333"}],"curies":[{"name":"wp","href":"https:\/\/api.w.org\/{rel}","templated":true}]}}