{"id":38325,"date":"2023-03-15T11:08:58","date_gmt":"2023-03-15T11:08:58","guid":{"rendered":"https:\/\/fmdelpueblo.ar\/?p=38325"},"modified":"2023-03-15T11:08:58","modified_gmt":"2023-03-15T11:08:58","slug":"los-ninos-de-hoy-podrian-vivir-cien-anos","status":"publish","type":"post","link":"http:\/\/fmdelpueblo.ar\/?p=38325","title":{"rendered":"Los ni\u00f1os de hoy podr\u00edan vivir cien a\u00f1os"},"content":{"rendered":"<\/p>\n<p>M\u00e1s all\u00e1 de los avances tecnol\u00f3gicos, los futuros adultos enfrentar\u00e1n el desaf\u00edo de redise\u00f1ar objetivos y din\u00e1micas cotidianas. Las predicciones de National Geographic. <a href=\"https:\/\/www.perfil.com\/noticias\/modo-fontevecchia\/los-ninos-de-hoy-podrian-vivir-cien-anos-modof.phtml\">Leer m\u00e1s<\/a><\/p>\n","protected":false},"excerpt":{"rendered":"<p>M\u00e1s all\u00e1 de los avances tecnol\u00f3gicos, los futuros adultos enfrentar\u00e1n el desaf\u00edo de redise\u00f1ar objetivos y din\u00e1micas cotidianas. Las predicciones de National Geographic. Leer m\u00e1s<\/p>\n","protected":false},"author":0,"featured_media":0,"comment_status":"","ping_status":"","sticky":false,"template":"","format":"standard","meta":{"footnotes":""},"categories":[1],"tags":[],"class_list":["post-38325","post","type-post","status-publish","format-standard","hentry","category-sin-categoria"],"_links":{"self":[{"href":"http:\/\/fmdelpueblo.ar\/index.php?rest_route=\/wp\/v2\/posts\/38325","targetHints":{"allow":["GET"]}}],"collection":[{"href":"http:\/\/fmdelpueblo.ar\/index.php?rest_route=\/wp\/v2\/posts"}],"about":[{"href":"http:\/\/fmdelpueblo.ar\/index.php?rest_route=\/wp\/v2\/types\/post"}],"replies":[{"embeddable":true,"href":"http:\/\/fmdelpueblo.ar\/index.php?rest_route=%2Fwp%2Fv2%2Fcomments&post=38325"}],"version-history":[{"count":0,"href":"http:\/\/fmdelpueblo.ar\/index.php?rest_route=\/wp\/v2\/posts\/38325\/revisions"}],"wp:attachment":[{"href":"http:\/\/fmdelpueblo.ar\/index.php?rest_route=%2Fwp%2Fv2%2Fmedia&parent=38325"}],"wp:term":[{"taxonomy":"category","embeddable":true,"href":"http:\/\/fmdelpueblo.ar\/index.php?rest_route=%2Fwp%2Fv2%2Fcategories&post=38325"},{"taxonomy":"post_tag","embeddable":true,"href":"http:\/\/fmdelpueblo.ar\/index.php?rest_route=%2Fwp%2Fv2%2Ftags&post=38325"}],"curies":[{"name":"wp","href":"https:\/\/api.w.org\/{rel}","templated":true}]}}