{"id":38313,"date":"2023-03-15T07:09:17","date_gmt":"2023-03-15T07:09:17","guid":{"rendered":"http:\/\/fmdelpueblo.ar\/?p=38313"},"modified":"2023-03-15T07:09:17","modified_gmt":"2023-03-15T07:09:17","slug":"tras-el-66-la-inflacion-sigue-shell-aumenta-sus-combustibles-un-38","status":"publish","type":"post","link":"http:\/\/fmdelpueblo.ar\/?p=38313","title":{"rendered":"Tras el 6,6%, la inflaci\u00f3n sigue: Shell aumenta sus combustibles un 3,8%"},"content":{"rendered":"<\/p>\n<p>Se espera que las otras empresas se sumen a las subas en las pr\u00f3ximas horas. Cu\u00e1nto sale el litro de nafta. <a href=\"https:\/\/www.perfil.com\/noticias\/economia\/tras-el-66-la-inflacion-sigue-shell-aumenta-sus-combustibles-un-38.phtml\">Leer m\u00e1s<\/a><\/p>\n","protected":false},"excerpt":{"rendered":"<p>Se espera que las otras empresas se sumen a las subas en las pr\u00f3ximas horas. Cu\u00e1nto sale el litro de nafta. Leer m\u00e1s<\/p>\n","protected":false},"author":0,"featured_media":0,"comment_status":"","ping_status":"","sticky":false,"template":"","format":"standard","meta":{"footnotes":""},"categories":[1],"tags":[],"class_list":["post-38313","post","type-post","status-publish","format-standard","hentry","category-sin-categoria"],"_links":{"self":[{"href":"http:\/\/fmdelpueblo.ar\/index.php?rest_route=\/wp\/v2\/posts\/38313","targetHints":{"allow":["GET"]}}],"collection":[{"href":"http:\/\/fmdelpueblo.ar\/index.php?rest_route=\/wp\/v2\/posts"}],"about":[{"href":"http:\/\/fmdelpueblo.ar\/index.php?rest_route=\/wp\/v2\/types\/post"}],"replies":[{"embeddable":true,"href":"http:\/\/fmdelpueblo.ar\/index.php?rest_route=%2Fwp%2Fv2%2Fcomments&post=38313"}],"version-history":[{"count":0,"href":"http:\/\/fmdelpueblo.ar\/index.php?rest_route=\/wp\/v2\/posts\/38313\/revisions"}],"wp:attachment":[{"href":"http:\/\/fmdelpueblo.ar\/index.php?rest_route=%2Fwp%2Fv2%2Fmedia&parent=38313"}],"wp:term":[{"taxonomy":"category","embeddable":true,"href":"http:\/\/fmdelpueblo.ar\/index.php?rest_route=%2Fwp%2Fv2%2Fcategories&post=38313"},{"taxonomy":"post_tag","embeddable":true,"href":"http:\/\/fmdelpueblo.ar\/index.php?rest_route=%2Fwp%2Fv2%2Ftags&post=38313"}],"curies":[{"name":"wp","href":"https:\/\/api.w.org\/{rel}","templated":true}]}}