{"id":38308,"date":"2023-03-15T05:09:28","date_gmt":"2023-03-15T05:09:28","guid":{"rendered":"https:\/\/fmdelpueblo.ar\/?p=38308"},"modified":"2023-03-15T05:09:28","modified_gmt":"2023-03-15T05:09:28","slug":"un-especialista-en-renacimiento-afirma-que-la-madre-de-leonardo-da-vinci-era-esclava","status":"publish","type":"post","link":"http:\/\/fmdelpueblo.ar\/?p=38308","title":{"rendered":"Un especialista en Renacimiento afirma que la madre de Leonardo Da Vinci era esclava"},"content":{"rendered":"<\/p>\n<p>La investigaci\u00f3n revel\u00f3 que el gran artista era medio italiano, ya que su madre fue esclava del C\u00e1ucaso. <a href=\"https:\/\/www.perfil.com\/noticias\/arte\/especialista-en-renacimiento-afirma-madre-de-leonardo-da-vinci-era-esclava.phtml\">Leer m\u00e1s<\/a><\/p>\n","protected":false},"excerpt":{"rendered":"<p>La investigaci\u00f3n revel\u00f3 que el gran artista era medio italiano, ya que su madre fue esclava del C\u00e1ucaso. Leer m\u00e1s<\/p>\n","protected":false},"author":0,"featured_media":0,"comment_status":"","ping_status":"","sticky":false,"template":"","format":"standard","meta":{"footnotes":""},"categories":[1],"tags":[],"class_list":["post-38308","post","type-post","status-publish","format-standard","hentry","category-sin-categoria"],"_links":{"self":[{"href":"http:\/\/fmdelpueblo.ar\/index.php?rest_route=\/wp\/v2\/posts\/38308","targetHints":{"allow":["GET"]}}],"collection":[{"href":"http:\/\/fmdelpueblo.ar\/index.php?rest_route=\/wp\/v2\/posts"}],"about":[{"href":"http:\/\/fmdelpueblo.ar\/index.php?rest_route=\/wp\/v2\/types\/post"}],"replies":[{"embeddable":true,"href":"http:\/\/fmdelpueblo.ar\/index.php?rest_route=%2Fwp%2Fv2%2Fcomments&post=38308"}],"version-history":[{"count":0,"href":"http:\/\/fmdelpueblo.ar\/index.php?rest_route=\/wp\/v2\/posts\/38308\/revisions"}],"wp:attachment":[{"href":"http:\/\/fmdelpueblo.ar\/index.php?rest_route=%2Fwp%2Fv2%2Fmedia&parent=38308"}],"wp:term":[{"taxonomy":"category","embeddable":true,"href":"http:\/\/fmdelpueblo.ar\/index.php?rest_route=%2Fwp%2Fv2%2Fcategories&post=38308"},{"taxonomy":"post_tag","embeddable":true,"href":"http:\/\/fmdelpueblo.ar\/index.php?rest_route=%2Fwp%2Fv2%2Ftags&post=38308"}],"curies":[{"name":"wp","href":"https:\/\/api.w.org\/{rel}","templated":true}]}}