{"id":38304,"date":"2023-03-15T04:09:00","date_gmt":"2023-03-15T04:09:00","guid":{"rendered":"https:\/\/fmdelpueblo.ar\/?p=38304"},"modified":"2023-03-15T04:09:00","modified_gmt":"2023-03-15T04:09:00","slug":"expulsaron-a-un-senador-youtuber-por-no-haber-ido-a-ninguna-sesion-en-japon","status":"publish","type":"post","link":"http:\/\/fmdelpueblo.ar\/?p=38304","title":{"rendered":"Expulsaron a un senador \u00abyoutuber\u00bb por no haber ido a ninguna sesi\u00f3n en Jap\u00f3n"},"content":{"rendered":"<\/p>\n<p>Se trata de Yoshikazu Higashitani, el primer expulsado del Senado en la historia. Adem\u00e1s, le retiraron el status parlamentario, el castigo m\u00e1s severo para la cultura nipona. <a href=\"https:\/\/www.perfil.com\/noticias\/internacional\/expulsaron-a-un-senador-youtuber-por-constante-absentismo-laboral-en-japon.phtml\">Leer m\u00e1s<\/a><\/p>\n","protected":false},"excerpt":{"rendered":"<p>Se trata de Yoshikazu Higashitani, el primer expulsado del Senado en la historia. Adem\u00e1s, le retiraron el status parlamentario, el castigo m\u00e1s severo para la cultura nipona. Leer m\u00e1s<\/p>\n","protected":false},"author":0,"featured_media":0,"comment_status":"","ping_status":"","sticky":false,"template":"","format":"standard","meta":{"footnotes":""},"categories":[1],"tags":[],"class_list":["post-38304","post","type-post","status-publish","format-standard","hentry","category-sin-categoria"],"_links":{"self":[{"href":"http:\/\/fmdelpueblo.ar\/index.php?rest_route=\/wp\/v2\/posts\/38304","targetHints":{"allow":["GET"]}}],"collection":[{"href":"http:\/\/fmdelpueblo.ar\/index.php?rest_route=\/wp\/v2\/posts"}],"about":[{"href":"http:\/\/fmdelpueblo.ar\/index.php?rest_route=\/wp\/v2\/types\/post"}],"replies":[{"embeddable":true,"href":"http:\/\/fmdelpueblo.ar\/index.php?rest_route=%2Fwp%2Fv2%2Fcomments&post=38304"}],"version-history":[{"count":0,"href":"http:\/\/fmdelpueblo.ar\/index.php?rest_route=\/wp\/v2\/posts\/38304\/revisions"}],"wp:attachment":[{"href":"http:\/\/fmdelpueblo.ar\/index.php?rest_route=%2Fwp%2Fv2%2Fmedia&parent=38304"}],"wp:term":[{"taxonomy":"category","embeddable":true,"href":"http:\/\/fmdelpueblo.ar\/index.php?rest_route=%2Fwp%2Fv2%2Fcategories&post=38304"},{"taxonomy":"post_tag","embeddable":true,"href":"http:\/\/fmdelpueblo.ar\/index.php?rest_route=%2Fwp%2Fv2%2Ftags&post=38304"}],"curies":[{"name":"wp","href":"https:\/\/api.w.org\/{rel}","templated":true}]}}