{"id":38303,"date":"2023-03-15T04:09:00","date_gmt":"2023-03-15T04:09:00","guid":{"rendered":"https:\/\/fmdelpueblo.ar\/?p=38303"},"modified":"2023-03-15T04:09:00","modified_gmt":"2023-03-15T04:09:00","slug":"una-libreria-portena-esta-entre-las-100-mejores-atracciones-turisticas-del-mundo","status":"publish","type":"post","link":"http:\/\/fmdelpueblo.ar\/?p=38303","title":{"rendered":"Una librer\u00eda porte\u00f1a est\u00e1 entre las 100 mejores atracciones tur\u00edsticas del mundo"},"content":{"rendered":"<\/p>\n<p>Se trata del Ateneo Grand Splendid, que fue catalogada en 2019 como la \u00ablibrer\u00eda m\u00e1s linda del mundo\u00bb y \u00abun templo de libros\u00bb por National Geographic. <a href=\"https:\/\/www.perfil.com\/noticias\/sociedad\/libreria-portena-esta-entre-las-100-mejores-atracciones-turisticas-del-mundo-para-2023.phtml\">Leer m\u00e1s<\/a><\/p>\n","protected":false},"excerpt":{"rendered":"<p>Se trata del Ateneo Grand Splendid, que fue catalogada en 2019 como la \u00ablibrer\u00eda m\u00e1s linda del mundo\u00bb y \u00abun templo de libros\u00bb por National Geographic. Leer m\u00e1s<\/p>\n","protected":false},"author":0,"featured_media":0,"comment_status":"","ping_status":"","sticky":false,"template":"","format":"standard","meta":{"footnotes":""},"categories":[1],"tags":[],"class_list":["post-38303","post","type-post","status-publish","format-standard","hentry","category-sin-categoria"],"_links":{"self":[{"href":"http:\/\/fmdelpueblo.ar\/index.php?rest_route=\/wp\/v2\/posts\/38303","targetHints":{"allow":["GET"]}}],"collection":[{"href":"http:\/\/fmdelpueblo.ar\/index.php?rest_route=\/wp\/v2\/posts"}],"about":[{"href":"http:\/\/fmdelpueblo.ar\/index.php?rest_route=\/wp\/v2\/types\/post"}],"replies":[{"embeddable":true,"href":"http:\/\/fmdelpueblo.ar\/index.php?rest_route=%2Fwp%2Fv2%2Fcomments&post=38303"}],"version-history":[{"count":0,"href":"http:\/\/fmdelpueblo.ar\/index.php?rest_route=\/wp\/v2\/posts\/38303\/revisions"}],"wp:attachment":[{"href":"http:\/\/fmdelpueblo.ar\/index.php?rest_route=%2Fwp%2Fv2%2Fmedia&parent=38303"}],"wp:term":[{"taxonomy":"category","embeddable":true,"href":"http:\/\/fmdelpueblo.ar\/index.php?rest_route=%2Fwp%2Fv2%2Fcategories&post=38303"},{"taxonomy":"post_tag","embeddable":true,"href":"http:\/\/fmdelpueblo.ar\/index.php?rest_route=%2Fwp%2Fv2%2Ftags&post=38303"}],"curies":[{"name":"wp","href":"https:\/\/api.w.org\/{rel}","templated":true}]}}