{"id":38300,"date":"2023-03-15T03:08:59","date_gmt":"2023-03-15T03:08:59","guid":{"rendered":"https:\/\/fmdelpueblo.ar\/?p=38300"},"modified":"2023-03-15T03:08:59","modified_gmt":"2023-03-15T03:08:59","slug":"la-daia-repudio-un-chiste-sobre-la-persecucion-judia-que-pagina-12-debio-borrar","status":"publish","type":"post","link":"http:\/\/fmdelpueblo.ar\/?p=38300","title":{"rendered":"La DAIA repudi\u00f3 un chiste sobre la persecuci\u00f3n jud\u00eda que P\u00e1gina 12 debi\u00f3 borrar"},"content":{"rendered":"<\/p>\n<p>Tambi\u00e9n hubo cr\u00edticas de integrantes de Juntos por el Cambio que hablaron de una banalizaci\u00f3n de la Sho\u00e1. <a href=\"https:\/\/www.perfil.com\/noticias\/sociedad\/daia-repudio-chiste-sobre-persecucion-judia-que-pagina-12-debio-borrar.phtml\">Leer m\u00e1s<\/a><\/p>\n","protected":false},"excerpt":{"rendered":"<p>Tambi\u00e9n hubo cr\u00edticas de integrantes de Juntos por el Cambio que hablaron de una banalizaci\u00f3n de la Sho\u00e1. Leer m\u00e1s<\/p>\n","protected":false},"author":0,"featured_media":0,"comment_status":"","ping_status":"","sticky":false,"template":"","format":"standard","meta":{"footnotes":""},"categories":[1],"tags":[],"class_list":["post-38300","post","type-post","status-publish","format-standard","hentry","category-sin-categoria"],"_links":{"self":[{"href":"http:\/\/fmdelpueblo.ar\/index.php?rest_route=\/wp\/v2\/posts\/38300","targetHints":{"allow":["GET"]}}],"collection":[{"href":"http:\/\/fmdelpueblo.ar\/index.php?rest_route=\/wp\/v2\/posts"}],"about":[{"href":"http:\/\/fmdelpueblo.ar\/index.php?rest_route=\/wp\/v2\/types\/post"}],"replies":[{"embeddable":true,"href":"http:\/\/fmdelpueblo.ar\/index.php?rest_route=%2Fwp%2Fv2%2Fcomments&post=38300"}],"version-history":[{"count":0,"href":"http:\/\/fmdelpueblo.ar\/index.php?rest_route=\/wp\/v2\/posts\/38300\/revisions"}],"wp:attachment":[{"href":"http:\/\/fmdelpueblo.ar\/index.php?rest_route=%2Fwp%2Fv2%2Fmedia&parent=38300"}],"wp:term":[{"taxonomy":"category","embeddable":true,"href":"http:\/\/fmdelpueblo.ar\/index.php?rest_route=%2Fwp%2Fv2%2Fcategories&post=38300"},{"taxonomy":"post_tag","embeddable":true,"href":"http:\/\/fmdelpueblo.ar\/index.php?rest_route=%2Fwp%2Fv2%2Ftags&post=38300"}],"curies":[{"name":"wp","href":"https:\/\/api.w.org\/{rel}","templated":true}]}}