{"id":38299,"date":"2023-03-15T02:08:57","date_gmt":"2023-03-15T02:08:57","guid":{"rendered":"https:\/\/fmdelpueblo.ar\/?p=38299"},"modified":"2023-03-15T02:08:57","modified_gmt":"2023-03-15T02:08:57","slug":"el-cepo-al-dolar-y-la-brecha-cambiaria-se-filtraron-en-la-inflacion-y-el-gobierno-ya-admite-un-piso-del-6-mensual","status":"publish","type":"post","link":"http:\/\/fmdelpueblo.ar\/?p=38299","title":{"rendered":"El cepo al d\u00f3lar y la brecha cambiaria se \u00abfiltraron\u00bb en la inflaci\u00f3n y el Gobierno ya admite un piso del 6% mensual"},"content":{"rendered":"<\/p>\n<p>En Econom\u00eda se\u00f1alaron que, adem\u00e1s de la sequ\u00eda, las restricciones cambiarias y sus efectos aceleraron la inercia en las remarcaciones. Igual mantienen la meta del 60% anual, pero comienza a desmoronarse. <a href=\"https:\/\/www.perfil.com\/noticias\/economia\/el-cepo-al-dolar-y-la-brecha-cambiaria-se-filtraron-en-la-inflacion-y-el-gobierno-ya-admite-un-piso-del-6-mensual.phtml\">Leer m\u00e1s<\/a><\/p>\n","protected":false},"excerpt":{"rendered":"<p>En Econom\u00eda se\u00f1alaron que, adem\u00e1s de la sequ\u00eda, las restricciones cambiarias y sus efectos aceleraron la inercia en las remarcaciones. Igual mantienen la meta del 60% anual, pero comienza a desmoronarse. Leer m\u00e1s<\/p>\n","protected":false},"author":0,"featured_media":0,"comment_status":"","ping_status":"","sticky":false,"template":"","format":"standard","meta":{"footnotes":""},"categories":[1],"tags":[],"class_list":["post-38299","post","type-post","status-publish","format-standard","hentry","category-sin-categoria"],"_links":{"self":[{"href":"http:\/\/fmdelpueblo.ar\/index.php?rest_route=\/wp\/v2\/posts\/38299","targetHints":{"allow":["GET"]}}],"collection":[{"href":"http:\/\/fmdelpueblo.ar\/index.php?rest_route=\/wp\/v2\/posts"}],"about":[{"href":"http:\/\/fmdelpueblo.ar\/index.php?rest_route=\/wp\/v2\/types\/post"}],"replies":[{"embeddable":true,"href":"http:\/\/fmdelpueblo.ar\/index.php?rest_route=%2Fwp%2Fv2%2Fcomments&post=38299"}],"version-history":[{"count":0,"href":"http:\/\/fmdelpueblo.ar\/index.php?rest_route=\/wp\/v2\/posts\/38299\/revisions"}],"wp:attachment":[{"href":"http:\/\/fmdelpueblo.ar\/index.php?rest_route=%2Fwp%2Fv2%2Fmedia&parent=38299"}],"wp:term":[{"taxonomy":"category","embeddable":true,"href":"http:\/\/fmdelpueblo.ar\/index.php?rest_route=%2Fwp%2Fv2%2Fcategories&post=38299"},{"taxonomy":"post_tag","embeddable":true,"href":"http:\/\/fmdelpueblo.ar\/index.php?rest_route=%2Fwp%2Fv2%2Ftags&post=38299"}],"curies":[{"name":"wp","href":"https:\/\/api.w.org\/{rel}","templated":true}]}}