{"id":38295,"date":"2023-03-15T01:09:03","date_gmt":"2023-03-15T01:09:03","guid":{"rendered":"http:\/\/fmdelpueblo.ar\/?p=38295"},"modified":"2023-03-15T01:09:03","modified_gmt":"2023-03-15T01:09:03","slug":"parte-medico-alberto-fernandez-sufrio-una-hernia-de-disco-lumbar","status":"publish","type":"post","link":"http:\/\/fmdelpueblo.ar\/?p=38295","title":{"rendered":"Parte m\u00e9dico: Alberto Fern\u00e1ndez sufri\u00f3 una \u00abhernia de disco lumbar\u00bb"},"content":{"rendered":"<\/p>\n<p>El mandatario nacional fue trasladado al Sanatorio Otamendi por un cuadro de \u00abdolor lumbar agudo\u00bb. Se realizar\u00e1 un bloqueo radicular programada en 48 o 72 horas. Se le indica reposo. <a href=\"https:\/\/www.perfil.com\/noticias\/politica\/parte-medico-alberto-fernandez-sufrio-una-hernia-de-disco-lumbar.phtml\">Leer m\u00e1s<\/a><\/p>\n","protected":false},"excerpt":{"rendered":"<p>El mandatario nacional fue trasladado al Sanatorio Otamendi por un cuadro de \u00abdolor lumbar agudo\u00bb. Se realizar\u00e1 un bloqueo radicular programada en 48 o 72 horas. Se le indica reposo. Leer m\u00e1s<\/p>\n","protected":false},"author":0,"featured_media":0,"comment_status":"","ping_status":"","sticky":false,"template":"","format":"standard","meta":{"footnotes":""},"categories":[1],"tags":[],"class_list":["post-38295","post","type-post","status-publish","format-standard","hentry","category-sin-categoria"],"_links":{"self":[{"href":"http:\/\/fmdelpueblo.ar\/index.php?rest_route=\/wp\/v2\/posts\/38295","targetHints":{"allow":["GET"]}}],"collection":[{"href":"http:\/\/fmdelpueblo.ar\/index.php?rest_route=\/wp\/v2\/posts"}],"about":[{"href":"http:\/\/fmdelpueblo.ar\/index.php?rest_route=\/wp\/v2\/types\/post"}],"replies":[{"embeddable":true,"href":"http:\/\/fmdelpueblo.ar\/index.php?rest_route=%2Fwp%2Fv2%2Fcomments&post=38295"}],"version-history":[{"count":0,"href":"http:\/\/fmdelpueblo.ar\/index.php?rest_route=\/wp\/v2\/posts\/38295\/revisions"}],"wp:attachment":[{"href":"http:\/\/fmdelpueblo.ar\/index.php?rest_route=%2Fwp%2Fv2%2Fmedia&parent=38295"}],"wp:term":[{"taxonomy":"category","embeddable":true,"href":"http:\/\/fmdelpueblo.ar\/index.php?rest_route=%2Fwp%2Fv2%2Fcategories&post=38295"},{"taxonomy":"post_tag","embeddable":true,"href":"http:\/\/fmdelpueblo.ar\/index.php?rest_route=%2Fwp%2Fv2%2Ftags&post=38295"}],"curies":[{"name":"wp","href":"https:\/\/api.w.org\/{rel}","templated":true}]}}