{"id":38294,"date":"2023-03-15T00:09:37","date_gmt":"2023-03-15T00:09:37","guid":{"rendered":"http:\/\/fmdelpueblo.ar\/?p=38294"},"modified":"2023-03-15T00:09:37","modified_gmt":"2023-03-15T00:09:37","slug":"interna-familiar-cristina-y-maximo-kirchner-diferencian-sus-discursos-sobre-lo-que-hacer-con-el-fmi","status":"publish","type":"post","link":"http:\/\/fmdelpueblo.ar\/?p=38294","title":{"rendered":"\u00bfInterna familiar? Cristina y M\u00e1ximo Kirchner diferencian sus discursos sobre lo que hacer con el FMI"},"content":{"rendered":"<\/p>\n<p>La Vicepresidenta va por la moderaci\u00f3n y su hijo, por el discurso duro. Adem\u00e1s, Massa no es Guzm\u00e1n: el kirchnerismo no le puede pegar directamente. <a href=\"https:\/\/www.perfil.com\/noticias\/politica\/cristina-maximo-massa-y-alberto-la-interna-del-frente-de-todos-por-como-definir-al-fmi-de-cara-a-las-elecciones.phtml\">Leer m\u00e1s<\/a><\/p>\n","protected":false},"excerpt":{"rendered":"<p>La Vicepresidenta va por la moderaci\u00f3n y su hijo, por el discurso duro. Adem\u00e1s, Massa no es Guzm\u00e1n: el kirchnerismo no le puede pegar directamente. Leer m\u00e1s<\/p>\n","protected":false},"author":0,"featured_media":0,"comment_status":"","ping_status":"","sticky":false,"template":"","format":"standard","meta":{"footnotes":""},"categories":[1],"tags":[],"class_list":["post-38294","post","type-post","status-publish","format-standard","hentry","category-sin-categoria"],"_links":{"self":[{"href":"http:\/\/fmdelpueblo.ar\/index.php?rest_route=\/wp\/v2\/posts\/38294","targetHints":{"allow":["GET"]}}],"collection":[{"href":"http:\/\/fmdelpueblo.ar\/index.php?rest_route=\/wp\/v2\/posts"}],"about":[{"href":"http:\/\/fmdelpueblo.ar\/index.php?rest_route=\/wp\/v2\/types\/post"}],"replies":[{"embeddable":true,"href":"http:\/\/fmdelpueblo.ar\/index.php?rest_route=%2Fwp%2Fv2%2Fcomments&post=38294"}],"version-history":[{"count":0,"href":"http:\/\/fmdelpueblo.ar\/index.php?rest_route=\/wp\/v2\/posts\/38294\/revisions"}],"wp:attachment":[{"href":"http:\/\/fmdelpueblo.ar\/index.php?rest_route=%2Fwp%2Fv2%2Fmedia&parent=38294"}],"wp:term":[{"taxonomy":"category","embeddable":true,"href":"http:\/\/fmdelpueblo.ar\/index.php?rest_route=%2Fwp%2Fv2%2Fcategories&post=38294"},{"taxonomy":"post_tag","embeddable":true,"href":"http:\/\/fmdelpueblo.ar\/index.php?rest_route=%2Fwp%2Fv2%2Ftags&post=38294"}],"curies":[{"name":"wp","href":"https:\/\/api.w.org\/{rel}","templated":true}]}}