{"id":38292,"date":"2023-03-14T23:08:59","date_gmt":"2023-03-14T23:08:59","guid":{"rendered":"http:\/\/fmdelpueblo.ar\/?p=38292"},"modified":"2023-03-14T23:08:59","modified_gmt":"2023-03-14T23:08:59","slug":"sustentabilidd-un-cambio-de-paradigma-y-cuatro-tendencias-para-el-2023","status":"publish","type":"post","link":"http:\/\/fmdelpueblo.ar\/?p=38292","title":{"rendered":"Sustentabilidd: un cambio de paradigma y cuatro tendencias para el 2023"},"content":{"rendered":"<\/p>\n<p>Bonos sustentables, transici\u00f3n energ\u00e9tica, sustentabilidad en la agenda empresarial y en todas las \u00e1reas, incluso en las canchas de tenis. As\u00ed se expande el tema a todas las disciplinas. <a href=\"https:\/\/www.perfil.com\/noticias\/opinion\/sustentabilidd-un-cambio-de-paradigma-y-cuatro-tendencias-para-el-2023.phtml\">Leer m\u00e1s<\/a><\/p>\n","protected":false},"excerpt":{"rendered":"<p>Bonos sustentables, transici\u00f3n energ\u00e9tica, sustentabilidad en la agenda empresarial y en todas las \u00e1reas, incluso en las canchas de tenis. As\u00ed se expande el tema a todas las disciplinas. Leer m\u00e1s<\/p>\n","protected":false},"author":0,"featured_media":0,"comment_status":"","ping_status":"","sticky":false,"template":"","format":"standard","meta":{"footnotes":""},"categories":[1],"tags":[],"class_list":["post-38292","post","type-post","status-publish","format-standard","hentry","category-sin-categoria"],"_links":{"self":[{"href":"http:\/\/fmdelpueblo.ar\/index.php?rest_route=\/wp\/v2\/posts\/38292","targetHints":{"allow":["GET"]}}],"collection":[{"href":"http:\/\/fmdelpueblo.ar\/index.php?rest_route=\/wp\/v2\/posts"}],"about":[{"href":"http:\/\/fmdelpueblo.ar\/index.php?rest_route=\/wp\/v2\/types\/post"}],"replies":[{"embeddable":true,"href":"http:\/\/fmdelpueblo.ar\/index.php?rest_route=%2Fwp%2Fv2%2Fcomments&post=38292"}],"version-history":[{"count":0,"href":"http:\/\/fmdelpueblo.ar\/index.php?rest_route=\/wp\/v2\/posts\/38292\/revisions"}],"wp:attachment":[{"href":"http:\/\/fmdelpueblo.ar\/index.php?rest_route=%2Fwp%2Fv2%2Fmedia&parent=38292"}],"wp:term":[{"taxonomy":"category","embeddable":true,"href":"http:\/\/fmdelpueblo.ar\/index.php?rest_route=%2Fwp%2Fv2%2Fcategories&post=38292"},{"taxonomy":"post_tag","embeddable":true,"href":"http:\/\/fmdelpueblo.ar\/index.php?rest_route=%2Fwp%2Fv2%2Ftags&post=38292"}],"curies":[{"name":"wp","href":"https:\/\/api.w.org\/{rel}","templated":true}]}}