{"id":38290,"date":"2023-03-14T22:09:06","date_gmt":"2023-03-14T22:09:06","guid":{"rendered":"https:\/\/fmdelpueblo.ar\/?p=38290"},"modified":"2023-03-14T22:09:06","modified_gmt":"2023-03-14T22:09:06","slug":"tras-el-golpe-de-la-inflacion-el-central-subira-el-jueves-las-tasas-de-interes","status":"publish","type":"post","link":"http:\/\/fmdelpueblo.ar\/?p=38290","title":{"rendered":"Tras el golpe de la inflaci\u00f3n, el Central subir\u00e1 el jueves las tasas de inter\u00e9s"},"content":{"rendered":"<\/p>\n<p>El equipo econ\u00f3mico prev\u00e9 que en marzo el IPC superar\u00e1 el 7%, lo que oblig\u00f3 a acelerar la estrategia para intentar anclar las expectativas y, adem\u00e1s, cumplir con el reclamo del FMI. Por estas horas analizan el nivel del incremento. <a href=\"https:\/\/www.perfil.com\/noticias\/economia\/tras-el-golpe-de-la-inflacion-el-central-subira-el-jueves-las-tasas-de-interes.phtml\">Leer m\u00e1s<\/a><\/p>\n","protected":false},"excerpt":{"rendered":"<p>El equipo econ\u00f3mico prev\u00e9 que en marzo el IPC superar\u00e1 el 7%, lo que oblig\u00f3 a acelerar la estrategia para intentar anclar las expectativas y, adem\u00e1s, cumplir con el reclamo del FMI. Por estas horas analizan el nivel del incremento. Leer m\u00e1s<\/p>\n","protected":false},"author":0,"featured_media":0,"comment_status":"","ping_status":"","sticky":false,"template":"","format":"standard","meta":{"footnotes":""},"categories":[1],"tags":[],"class_list":["post-38290","post","type-post","status-publish","format-standard","hentry","category-sin-categoria"],"_links":{"self":[{"href":"http:\/\/fmdelpueblo.ar\/index.php?rest_route=\/wp\/v2\/posts\/38290","targetHints":{"allow":["GET"]}}],"collection":[{"href":"http:\/\/fmdelpueblo.ar\/index.php?rest_route=\/wp\/v2\/posts"}],"about":[{"href":"http:\/\/fmdelpueblo.ar\/index.php?rest_route=\/wp\/v2\/types\/post"}],"replies":[{"embeddable":true,"href":"http:\/\/fmdelpueblo.ar\/index.php?rest_route=%2Fwp%2Fv2%2Fcomments&post=38290"}],"version-history":[{"count":0,"href":"http:\/\/fmdelpueblo.ar\/index.php?rest_route=\/wp\/v2\/posts\/38290\/revisions"}],"wp:attachment":[{"href":"http:\/\/fmdelpueblo.ar\/index.php?rest_route=%2Fwp%2Fv2%2Fmedia&parent=38290"}],"wp:term":[{"taxonomy":"category","embeddable":true,"href":"http:\/\/fmdelpueblo.ar\/index.php?rest_route=%2Fwp%2Fv2%2Fcategories&post=38290"},{"taxonomy":"post_tag","embeddable":true,"href":"http:\/\/fmdelpueblo.ar\/index.php?rest_route=%2Fwp%2Fv2%2Ftags&post=38290"}],"curies":[{"name":"wp","href":"https:\/\/api.w.org\/{rel}","templated":true}]}}