{"id":38289,"date":"2023-03-14T22:09:05","date_gmt":"2023-03-14T22:09:05","guid":{"rendered":"https:\/\/fmdelpueblo.ar\/?p=38289"},"modified":"2023-03-14T22:09:05","modified_gmt":"2023-03-14T22:09:05","slug":"compania-sud-americana-de-dragados-estuvo-junto-al-campo-en-expoagro-2023","status":"publish","type":"post","link":"http:\/\/fmdelpueblo.ar\/?p=38289","title":{"rendered":"Compa\u00f1\u00eda Sud Americana de Dragados estuvo junto al campo en Expoagro 2023"},"content":{"rendered":"<\/p>\n<p>Por tercera edici\u00f3n consecutiva, la compa\u00f1\u00eda se hizo presente en la m\u00e1xima exposici\u00f3n agropecuaria a cielo abierto en su rol de aliado estrat\u00e9gico para conectarlo con el resto del mundo. <a href=\"https:\/\/www.perfil.com\/noticias\/empresas-y-protagonistas\/compania-sud-americana-de-dragados-estuvo-junto-al-campo-en-expoagro-2023.phtml\">Leer m\u00e1s<\/a><\/p>\n","protected":false},"excerpt":{"rendered":"<p>Por tercera edici\u00f3n consecutiva, la compa\u00f1\u00eda se hizo presente en la m\u00e1xima exposici\u00f3n agropecuaria a cielo abierto en su rol de aliado estrat\u00e9gico para conectarlo con el resto del mundo. Leer m\u00e1s<\/p>\n","protected":false},"author":0,"featured_media":0,"comment_status":"","ping_status":"","sticky":false,"template":"","format":"standard","meta":{"footnotes":""},"categories":[1],"tags":[],"class_list":["post-38289","post","type-post","status-publish","format-standard","hentry","category-sin-categoria"],"_links":{"self":[{"href":"http:\/\/fmdelpueblo.ar\/index.php?rest_route=\/wp\/v2\/posts\/38289","targetHints":{"allow":["GET"]}}],"collection":[{"href":"http:\/\/fmdelpueblo.ar\/index.php?rest_route=\/wp\/v2\/posts"}],"about":[{"href":"http:\/\/fmdelpueblo.ar\/index.php?rest_route=\/wp\/v2\/types\/post"}],"replies":[{"embeddable":true,"href":"http:\/\/fmdelpueblo.ar\/index.php?rest_route=%2Fwp%2Fv2%2Fcomments&post=38289"}],"version-history":[{"count":0,"href":"http:\/\/fmdelpueblo.ar\/index.php?rest_route=\/wp\/v2\/posts\/38289\/revisions"}],"wp:attachment":[{"href":"http:\/\/fmdelpueblo.ar\/index.php?rest_route=%2Fwp%2Fv2%2Fmedia&parent=38289"}],"wp:term":[{"taxonomy":"category","embeddable":true,"href":"http:\/\/fmdelpueblo.ar\/index.php?rest_route=%2Fwp%2Fv2%2Fcategories&post=38289"},{"taxonomy":"post_tag","embeddable":true,"href":"http:\/\/fmdelpueblo.ar\/index.php?rest_route=%2Fwp%2Fv2%2Ftags&post=38289"}],"curies":[{"name":"wp","href":"https:\/\/api.w.org\/{rel}","templated":true}]}}