{"id":38285,"date":"2023-03-14T21:09:15","date_gmt":"2023-03-14T21:09:15","guid":{"rendered":"https:\/\/fmdelpueblo.ar\/?p=38285"},"modified":"2023-03-14T21:09:15","modified_gmt":"2023-03-14T21:09:15","slug":"jorge-ferraresi-sergio-massa-asumio-un-dia-antes-de-que-nos-vayamos-en-helicoptero","status":"publish","type":"post","link":"http:\/\/fmdelpueblo.ar\/?p=38285","title":{"rendered":"Jorge Ferraresi: \u00abSergio Massa asumi\u00f3 un d\u00eda antes de que nos vayamos en helic\u00f3ptero\u00bb"},"content":{"rendered":"<\/p>\n<p>El intendente de Avellaneda y ex integrante del Gabinete nacional defini\u00f3 la situaci\u00f3n en agosto del a\u00f1o pasado como \u00abun c\u00f3ctel explosivo\u00bb. Dej\u00f3 en claro que si Cristina Kirchner es candidata, \u00abno tiene sentido ir a una primaria\u00bb.  <a href=\"https:\/\/www.perfil.com\/noticias\/politica\/jorge-ferraresi-sergio-massa-asumio-un-dia-antes-de-que-nos-vayamos-en-helicoptero.phtml\">Leer m\u00e1s<\/a><\/p>\n","protected":false},"excerpt":{"rendered":"<p>El intendente de Avellaneda y ex integrante del Gabinete nacional defini\u00f3 la situaci\u00f3n en agosto del a\u00f1o pasado como \u00abun c\u00f3ctel explosivo\u00bb. Dej\u00f3 en claro que si Cristina Kirchner es candidata, \u00abno tiene sentido ir a una primaria\u00bb. Leer m\u00e1s<\/p>\n","protected":false},"author":0,"featured_media":0,"comment_status":"","ping_status":"","sticky":false,"template":"","format":"standard","meta":{"footnotes":""},"categories":[1],"tags":[],"class_list":["post-38285","post","type-post","status-publish","format-standard","hentry","category-sin-categoria"],"_links":{"self":[{"href":"http:\/\/fmdelpueblo.ar\/index.php?rest_route=\/wp\/v2\/posts\/38285","targetHints":{"allow":["GET"]}}],"collection":[{"href":"http:\/\/fmdelpueblo.ar\/index.php?rest_route=\/wp\/v2\/posts"}],"about":[{"href":"http:\/\/fmdelpueblo.ar\/index.php?rest_route=\/wp\/v2\/types\/post"}],"replies":[{"embeddable":true,"href":"http:\/\/fmdelpueblo.ar\/index.php?rest_route=%2Fwp%2Fv2%2Fcomments&post=38285"}],"version-history":[{"count":0,"href":"http:\/\/fmdelpueblo.ar\/index.php?rest_route=\/wp\/v2\/posts\/38285\/revisions"}],"wp:attachment":[{"href":"http:\/\/fmdelpueblo.ar\/index.php?rest_route=%2Fwp%2Fv2%2Fmedia&parent=38285"}],"wp:term":[{"taxonomy":"category","embeddable":true,"href":"http:\/\/fmdelpueblo.ar\/index.php?rest_route=%2Fwp%2Fv2%2Fcategories&post=38285"},{"taxonomy":"post_tag","embeddable":true,"href":"http:\/\/fmdelpueblo.ar\/index.php?rest_route=%2Fwp%2Fv2%2Ftags&post=38285"}],"curies":[{"name":"wp","href":"https:\/\/api.w.org\/{rel}","templated":true}]}}