{"id":38284,"date":"2023-03-14T21:09:14","date_gmt":"2023-03-14T21:09:14","guid":{"rendered":"https:\/\/fmdelpueblo.ar\/?p=38284"},"modified":"2023-03-14T21:09:14","modified_gmt":"2023-03-14T21:09:14","slug":"maxima-tension-entre-rusia-y-eeuu-por-el-derribo-del-dron-en-una-colision-temeraria","status":"publish","type":"post","link":"http:\/\/fmdelpueblo.ar\/?p=38284","title":{"rendered":"M\u00e1xima tensi\u00f3n entre Rusia y EEUU por el derribo del dron en una colisi\u00f3n \u00abtemeraria\u00bb"},"content":{"rendered":"<\/p>\n<p>Un avi\u00f3n de la Fuerza A\u00e9rea rusa choc\u00f3 con una nave estadounidense sobre aguas internacionales, por lo que Washington denunci\u00f3 \u00abun patr\u00f3n de acciones peligrosas\u00bb por parte de pilotos del Kremlin. <a href=\"https:\/\/www.perfil.com\/noticias\/internacional\/maxima-tension-entre-rusia-y-eeuu-por-el-derribo-de-un-dron-en-una-colision-temeraria.phtml\">Leer m\u00e1s<\/a><\/p>\n","protected":false},"excerpt":{"rendered":"<p>Un avi\u00f3n de la Fuerza A\u00e9rea rusa choc\u00f3 con una nave estadounidense sobre aguas internacionales, por lo que Washington denunci\u00f3 \u00abun patr\u00f3n de acciones peligrosas\u00bb por parte de pilotos del Kremlin. Leer m\u00e1s<\/p>\n","protected":false},"author":0,"featured_media":0,"comment_status":"","ping_status":"","sticky":false,"template":"","format":"standard","meta":{"footnotes":""},"categories":[1],"tags":[],"class_list":["post-38284","post","type-post","status-publish","format-standard","hentry","category-sin-categoria"],"_links":{"self":[{"href":"http:\/\/fmdelpueblo.ar\/index.php?rest_route=\/wp\/v2\/posts\/38284","targetHints":{"allow":["GET"]}}],"collection":[{"href":"http:\/\/fmdelpueblo.ar\/index.php?rest_route=\/wp\/v2\/posts"}],"about":[{"href":"http:\/\/fmdelpueblo.ar\/index.php?rest_route=\/wp\/v2\/types\/post"}],"replies":[{"embeddable":true,"href":"http:\/\/fmdelpueblo.ar\/index.php?rest_route=%2Fwp%2Fv2%2Fcomments&post=38284"}],"version-history":[{"count":0,"href":"http:\/\/fmdelpueblo.ar\/index.php?rest_route=\/wp\/v2\/posts\/38284\/revisions"}],"wp:attachment":[{"href":"http:\/\/fmdelpueblo.ar\/index.php?rest_route=%2Fwp%2Fv2%2Fmedia&parent=38284"}],"wp:term":[{"taxonomy":"category","embeddable":true,"href":"http:\/\/fmdelpueblo.ar\/index.php?rest_route=%2Fwp%2Fv2%2Fcategories&post=38284"},{"taxonomy":"post_tag","embeddable":true,"href":"http:\/\/fmdelpueblo.ar\/index.php?rest_route=%2Fwp%2Fv2%2Ftags&post=38284"}],"curies":[{"name":"wp","href":"https:\/\/api.w.org\/{rel}","templated":true}]}}