{"id":38283,"date":"2023-03-14T20:09:06","date_gmt":"2023-03-14T20:09:06","guid":{"rendered":"https:\/\/fmdelpueblo.ar\/?p=38283"},"modified":"2023-03-14T20:09:06","modified_gmt":"2023-03-14T20:09:06","slug":"quien-es-veronica-gomez-la-nueva-aliada-de-alberto-fernandez-en-la-oficina-anticorrupcion","status":"publish","type":"post","link":"http:\/\/fmdelpueblo.ar\/?p=38283","title":{"rendered":"Qui\u00e9n es Ver\u00f3nica G\u00f3mez, la nueva aliada de Alberto Fern\u00e1ndez en la Oficina Anticorrupci\u00f3n"},"content":{"rendered":"<\/p>\n<p>La abogada, que responde al vicejefe de Gabinete y mano derecha del Presidente, Juan Manuel Olmos, reemplaz\u00f3 a F\u00e9lix Crous al frente del organismo encargado de investigar a los funcionarios p\u00fablicos. <a href=\"https:\/\/www.perfil.com\/noticias\/politica\/quien-es-veronica-gomez-la-nueva-aliada-de-alberto-fernandez-en-la-oficina-anticorrupcion.phtml\">Leer m\u00e1s<\/a><\/p>\n","protected":false},"excerpt":{"rendered":"<p>La abogada, que responde al vicejefe de Gabinete y mano derecha del Presidente, Juan Manuel Olmos, reemplaz\u00f3 a F\u00e9lix Crous al frente del organismo encargado de investigar a los funcionarios p\u00fablicos. Leer m\u00e1s<\/p>\n","protected":false},"author":0,"featured_media":0,"comment_status":"","ping_status":"","sticky":false,"template":"","format":"standard","meta":{"footnotes":""},"categories":[1],"tags":[],"class_list":["post-38283","post","type-post","status-publish","format-standard","hentry","category-sin-categoria"],"_links":{"self":[{"href":"http:\/\/fmdelpueblo.ar\/index.php?rest_route=\/wp\/v2\/posts\/38283","targetHints":{"allow":["GET"]}}],"collection":[{"href":"http:\/\/fmdelpueblo.ar\/index.php?rest_route=\/wp\/v2\/posts"}],"about":[{"href":"http:\/\/fmdelpueblo.ar\/index.php?rest_route=\/wp\/v2\/types\/post"}],"replies":[{"embeddable":true,"href":"http:\/\/fmdelpueblo.ar\/index.php?rest_route=%2Fwp%2Fv2%2Fcomments&post=38283"}],"version-history":[{"count":0,"href":"http:\/\/fmdelpueblo.ar\/index.php?rest_route=\/wp\/v2\/posts\/38283\/revisions"}],"wp:attachment":[{"href":"http:\/\/fmdelpueblo.ar\/index.php?rest_route=%2Fwp%2Fv2%2Fmedia&parent=38283"}],"wp:term":[{"taxonomy":"category","embeddable":true,"href":"http:\/\/fmdelpueblo.ar\/index.php?rest_route=%2Fwp%2Fv2%2Fcategories&post=38283"},{"taxonomy":"post_tag","embeddable":true,"href":"http:\/\/fmdelpueblo.ar\/index.php?rest_route=%2Fwp%2Fv2%2Ftags&post=38283"}],"curies":[{"name":"wp","href":"https:\/\/api.w.org\/{rel}","templated":true}]}}