{"id":38282,"date":"2023-03-14T20:09:06","date_gmt":"2023-03-14T20:09:06","guid":{"rendered":"https:\/\/fmdelpueblo.ar\/?p=38282"},"modified":"2023-03-14T20:09:06","modified_gmt":"2023-03-14T20:09:06","slug":"se-puede-consensuar-una-ley-que-defienda-el-derecho-a-educarse-de-los-ninos-y-jovenes","status":"publish","type":"post","link":"http:\/\/fmdelpueblo.ar\/?p=38282","title":{"rendered":"\u00bfSe puede consensuar una ley que defienda el derecho a educarse de los ni\u00f1os y j\u00f3venes?"},"content":{"rendered":"<\/p>\n<p>Los paros docentes en nuestro pa\u00eds involucran un riesgo de vida para nuestros ni\u00f1os y j\u00f3venes, el futuro de muchos de ellos ser\u00eda radicalmente distinto de poder cursar con normalidad la escolaridad que el Estado tiene la obligaci\u00f3n de garantizar. <a href=\"https:\/\/www.perfil.com\/noticias\/economia\/los-unicos-privilegiados-son-los-ninos.phtml\">Leer m\u00e1s<\/a><\/p>\n","protected":false},"excerpt":{"rendered":"<p>Los paros docentes en nuestro pa\u00eds involucran un riesgo de vida para nuestros ni\u00f1os y j\u00f3venes, el futuro de muchos de ellos ser\u00eda radicalmente distinto de poder cursar con normalidad la escolaridad que el Estado tiene la obligaci\u00f3n de garantizar. Leer m\u00e1s<\/p>\n","protected":false},"author":0,"featured_media":0,"comment_status":"","ping_status":"","sticky":false,"template":"","format":"standard","meta":{"footnotes":""},"categories":[1],"tags":[],"class_list":["post-38282","post","type-post","status-publish","format-standard","hentry","category-sin-categoria"],"_links":{"self":[{"href":"http:\/\/fmdelpueblo.ar\/index.php?rest_route=\/wp\/v2\/posts\/38282","targetHints":{"allow":["GET"]}}],"collection":[{"href":"http:\/\/fmdelpueblo.ar\/index.php?rest_route=\/wp\/v2\/posts"}],"about":[{"href":"http:\/\/fmdelpueblo.ar\/index.php?rest_route=\/wp\/v2\/types\/post"}],"replies":[{"embeddable":true,"href":"http:\/\/fmdelpueblo.ar\/index.php?rest_route=%2Fwp%2Fv2%2Fcomments&post=38282"}],"version-history":[{"count":0,"href":"http:\/\/fmdelpueblo.ar\/index.php?rest_route=\/wp\/v2\/posts\/38282\/revisions"}],"wp:attachment":[{"href":"http:\/\/fmdelpueblo.ar\/index.php?rest_route=%2Fwp%2Fv2%2Fmedia&parent=38282"}],"wp:term":[{"taxonomy":"category","embeddable":true,"href":"http:\/\/fmdelpueblo.ar\/index.php?rest_route=%2Fwp%2Fv2%2Fcategories&post=38282"},{"taxonomy":"post_tag","embeddable":true,"href":"http:\/\/fmdelpueblo.ar\/index.php?rest_route=%2Fwp%2Fv2%2Ftags&post=38282"}],"curies":[{"name":"wp","href":"https:\/\/api.w.org\/{rel}","templated":true}]}}