{"id":38278,"date":"2023-03-14T19:09:26","date_gmt":"2023-03-14T19:09:26","guid":{"rendered":"http:\/\/fmdelpueblo.ar\/?p=38278"},"modified":"2023-03-14T19:09:26","modified_gmt":"2023-03-14T19:09:26","slug":"los-migrantes-que-cruzan-la-selva-panamena-hacia-eeuu-aumentaron-un-450","status":"publish","type":"post","link":"http:\/\/fmdelpueblo.ar\/?p=38278","title":{"rendered":"Los migrantes que cruzan la selva paname\u00f1a hacia EEUU aumentaron un 450%"},"content":{"rendered":"<\/p>\n<p>Panam\u00e1 inform\u00f3 que se quintuplic\u00f3 la migraci\u00f3n a trav\u00e9s de las selvas del sur del pa\u00eds, lo que representa un nuevo desaf\u00edo para Biden. La Casa Blanca se prepara para retirar las normativas que permit\u00edan rechazar el ingreso. <a href=\"https:\/\/www.perfil.com\/noticias\/bloomberg\/bc-migrantes-que-cruzan-selva-panamena-hacia-eeuu-aumentan-en-450.phtml\">Leer m\u00e1s<\/a><\/p>\n","protected":false},"excerpt":{"rendered":"<p>Panam\u00e1 inform\u00f3 que se quintuplic\u00f3 la migraci\u00f3n a trav\u00e9s de las selvas del sur del pa\u00eds, lo que representa un nuevo desaf\u00edo para Biden. La Casa Blanca se prepara para retirar las normativas que permit\u00edan rechazar el ingreso. Leer m\u00e1s<\/p>\n","protected":false},"author":0,"featured_media":0,"comment_status":"","ping_status":"","sticky":false,"template":"","format":"standard","meta":{"footnotes":""},"categories":[1],"tags":[],"class_list":["post-38278","post","type-post","status-publish","format-standard","hentry","category-sin-categoria"],"_links":{"self":[{"href":"http:\/\/fmdelpueblo.ar\/index.php?rest_route=\/wp\/v2\/posts\/38278","targetHints":{"allow":["GET"]}}],"collection":[{"href":"http:\/\/fmdelpueblo.ar\/index.php?rest_route=\/wp\/v2\/posts"}],"about":[{"href":"http:\/\/fmdelpueblo.ar\/index.php?rest_route=\/wp\/v2\/types\/post"}],"replies":[{"embeddable":true,"href":"http:\/\/fmdelpueblo.ar\/index.php?rest_route=%2Fwp%2Fv2%2Fcomments&post=38278"}],"version-history":[{"count":0,"href":"http:\/\/fmdelpueblo.ar\/index.php?rest_route=\/wp\/v2\/posts\/38278\/revisions"}],"wp:attachment":[{"href":"http:\/\/fmdelpueblo.ar\/index.php?rest_route=%2Fwp%2Fv2%2Fmedia&parent=38278"}],"wp:term":[{"taxonomy":"category","embeddable":true,"href":"http:\/\/fmdelpueblo.ar\/index.php?rest_route=%2Fwp%2Fv2%2Fcategories&post=38278"},{"taxonomy":"post_tag","embeddable":true,"href":"http:\/\/fmdelpueblo.ar\/index.php?rest_route=%2Fwp%2Fv2%2Ftags&post=38278"}],"curies":[{"name":"wp","href":"https:\/\/api.w.org\/{rel}","templated":true}]}}