{"id":38277,"date":"2023-03-14T19:09:25","date_gmt":"2023-03-14T19:09:25","guid":{"rendered":"http:\/\/fmdelpueblo.ar\/?p=38277"},"modified":"2023-03-14T19:09:25","modified_gmt":"2023-03-14T19:09:25","slug":"un-avion-de-combate-ruso-choco-con-un-dron-de-eeuu-sobre-el-mar-negro","status":"publish","type":"post","link":"http:\/\/fmdelpueblo.ar\/?p=38277","title":{"rendered":"Un avi\u00f3n de combate ruso choc\u00f3 con un dron de EEUU sobre el Mar Negro"},"content":{"rendered":"<\/p>\n<p>El avi\u00f3n de combate Su-27, acompa\u00f1ado por un segundo jet ruso, golpe\u00f3 la h\u00e9lice del dron MQ-9 Reaper en lo que fue una intercepci\u00f3n \u201cinsegura y poco profesional\u201d, dijo el Comando Europeo estadounidense. <a href=\"https:\/\/www.perfil.com\/noticias\/bloomberg\/bc-avion-de-combate-ruso-choca-con-dron-de-eeuu-sobre-el-mar-negro.phtml\">Leer m\u00e1s<\/a><\/p>\n","protected":false},"excerpt":{"rendered":"<p>El avi\u00f3n de combate Su-27, acompa\u00f1ado por un segundo jet ruso, golpe\u00f3 la h\u00e9lice del dron MQ-9 Reaper en lo que fue una intercepci\u00f3n \u201cinsegura y poco profesional\u201d, dijo el Comando Europeo estadounidense. Leer m\u00e1s<\/p>\n","protected":false},"author":0,"featured_media":0,"comment_status":"","ping_status":"","sticky":false,"template":"","format":"standard","meta":{"footnotes":""},"categories":[1],"tags":[],"class_list":["post-38277","post","type-post","status-publish","format-standard","hentry","category-sin-categoria"],"_links":{"self":[{"href":"http:\/\/fmdelpueblo.ar\/index.php?rest_route=\/wp\/v2\/posts\/38277","targetHints":{"allow":["GET"]}}],"collection":[{"href":"http:\/\/fmdelpueblo.ar\/index.php?rest_route=\/wp\/v2\/posts"}],"about":[{"href":"http:\/\/fmdelpueblo.ar\/index.php?rest_route=\/wp\/v2\/types\/post"}],"replies":[{"embeddable":true,"href":"http:\/\/fmdelpueblo.ar\/index.php?rest_route=%2Fwp%2Fv2%2Fcomments&post=38277"}],"version-history":[{"count":0,"href":"http:\/\/fmdelpueblo.ar\/index.php?rest_route=\/wp\/v2\/posts\/38277\/revisions"}],"wp:attachment":[{"href":"http:\/\/fmdelpueblo.ar\/index.php?rest_route=%2Fwp%2Fv2%2Fmedia&parent=38277"}],"wp:term":[{"taxonomy":"category","embeddable":true,"href":"http:\/\/fmdelpueblo.ar\/index.php?rest_route=%2Fwp%2Fv2%2Fcategories&post=38277"},{"taxonomy":"post_tag","embeddable":true,"href":"http:\/\/fmdelpueblo.ar\/index.php?rest_route=%2Fwp%2Fv2%2Ftags&post=38277"}],"curies":[{"name":"wp","href":"https:\/\/api.w.org\/{rel}","templated":true}]}}